{"id":22773,"date":"2025-07-15T10:47:31","date_gmt":"2025-07-15T08:47:31","guid":{"rendered":"https:\/\/www.arteliagroup.com\/corporate_blog\/towards-participatory-governance-of-climate-risks-through-public-civil-civil-society-partnerships\/"},"modified":"2025-07-15T14:19:29","modified_gmt":"2025-07-15T12:19:29","slug":"towards-participatory-governance-of-climate-risks-through-public-private-civil-society-partnerships","status":"publish","type":"corporate_blog","link":"https:\/\/www.arteliagroup.com\/fr\/corporate_blog\/towards-participatory-governance-of-climate-risks-through-public-private-civil-society-partnerships\/","title":{"rendered":"Vers une gouvernance participative des risques climatiques gr\u00e2ce aux partenariats public\u2013priv\u00e9\u2013soci\u00e9t\u00e9 civile"},"content":{"rendered":"\t\t<div data-elementor-type=\"wp-post\" data-elementor-id=\"22773\" class=\"elementor elementor-22773 elementor-22769\">\n\t\t\t\t\t\t<section class=\"elementor-section elementor-top-section elementor-element elementor-element-35295cd5 elementor-section-full_width elementor-section-height-min-height elementor-section-items-stretch elementor-section-content-middle elementor-reverse-mobile_extra elementor-reverse-mobile width-limit elementor-section-height-default\" data-id=\"35295cd5\" data-element_type=\"section\" data-e-type=\"section\">\n\t\t\t\t\t\t\t<div class=\"elementor-background-overlay\"><\/div>\n\t\t\t\t\t\t\t<div class=\"elementor-container elementor-column-gap-no\">\n\t\t\t\t\t<div class=\"elementor-column elementor-col-50 elementor-top-column elementor-element elementor-element-7f627c27 padleft0-full\" data-id=\"7f627c27\" data-element_type=\"column\" data-e-type=\"column\">\n\t\t\t<div class=\"elementor-widget-wrap elementor-element-populated\">\n\t\t\t\t\t\t<div class=\"elementor-element elementor-element-7376685d elementor-widget elementor-widget-heading\" data-id=\"7376685d\" data-element_type=\"widget\" data-e-type=\"widget\" data-widget_type=\"heading.default\">\n\t\t\t\t<div class=\"elementor-widget-container\">\n\t\t\t\t\t<h1 class=\"elementor-heading-title elementor-size-default\">Vers une gouvernance participative des risques climatiques gr\u00e2ce aux partenariats public\u2013priv\u00e9\u2013soci\u00e9t\u00e9 civile<\/h1>\t\t\t\t<\/div>\n\t\t\t\t<\/div>\n\t\t\t\t\t<\/div>\n\t\t<\/div>\n\t\t\t\t<div class=\"elementor-column elementor-col-50 elementor-top-column elementor-element elementor-element-5f7b659e\" data-id=\"5f7b659e\" data-element_type=\"column\" data-e-type=\"column\" data-settings=\"{&quot;background_background&quot;:&quot;classic&quot;}\">\n\t\t\t<div class=\"elementor-widget-wrap elementor-element-populated\">\n\t\t\t\t\t<div class=\"elementor-background-overlay\"><\/div>\n\t\t\t\t\t\t<div class=\"elementor-element elementor-element-3eef7e0c elementor-widget elementor-widget-spacer\" data-id=\"3eef7e0c\" data-element_type=\"widget\" data-e-type=\"widget\" data-widget_type=\"spacer.default\">\n\t\t\t\t<div class=\"elementor-widget-container\">\n\t\t\t\t\t\t\t<div class=\"elementor-spacer\">\n\t\t\t<div class=\"elementor-spacer-inner\"><\/div>\n\t\t<\/div>\n\t\t\t\t\t\t<\/div>\n\t\t\t\t<\/div>\n\t\t\t\t\t<\/div>\n\t\t<\/div>\n\t\t\t\t\t<\/div>\n\t\t<\/section>\n\t\t\t\t<section class=\"elementor-section elementor-top-section elementor-element elementor-element-916d0f3 elementor-section-boxed elementor-section-height-default elementor-section-height-default\" data-id=\"916d0f3\" data-element_type=\"section\" data-e-type=\"section\">\n\t\t\t\t\t\t<div class=\"elementor-container elementor-column-gap-default\">\n\t\t\t\t\t<div class=\"elementor-column elementor-col-100 elementor-top-column elementor-element elementor-element-1e6bd5b\" data-id=\"1e6bd5b\" data-element_type=\"column\" data-e-type=\"column\">\n\t\t\t<div class=\"elementor-widget-wrap elementor-element-populated\">\n\t\t\t\t\t\t<div class=\"elementor-element elementor-element-179ea05 elementor-widget elementor-widget-spacer\" data-id=\"179ea05\" data-element_type=\"widget\" data-e-type=\"widget\" data-widget_type=\"spacer.default\">\n\t\t\t\t<div class=\"elementor-widget-container\">\n\t\t\t\t\t\t\t<div class=\"elementor-spacer\">\n\t\t\t<div class=\"elementor-spacer-inner\"><\/div>\n\t\t<\/div>\n\t\t\t\t\t\t<\/div>\n\t\t\t\t<\/div>\n\t\t\t\t\t<\/div>\n\t\t<\/div>\n\t\t\t\t\t<\/div>\n\t\t<\/section>\n\t\t\t\t<section class=\"elementor-section elementor-top-section elementor-element elementor-element-5afae86 elementor-section-boxed elementor-section-height-default elementor-section-height-default\" data-id=\"5afae86\" data-element_type=\"section\" data-e-type=\"section\">\n\t\t\t\t\t\t<div class=\"elementor-container elementor-column-gap-default\">\n\t\t\t\t\t<div class=\"elementor-column elementor-col-100 elementor-top-column elementor-element elementor-element-7f99544\" data-id=\"7f99544\" data-element_type=\"column\" data-e-type=\"column\">\n\t\t\t<div class=\"elementor-widget-wrap elementor-element-populated\">\n\t\t\t\t\t\t<div class=\"elementor-element elementor-element-02853c0 elementor-widget elementor-widget-heading\" data-id=\"02853c0\" data-element_type=\"widget\" data-e-type=\"widget\" data-widget_type=\"heading.default\">\n\t\t\t\t<div class=\"elementor-widget-container\">\n\t\t\t\t\t<h2 class=\"elementor-heading-title elementor-size-default\">Comment les partenariats public-priv\u00e9-soci\u00e9t\u00e9 civile (PPCP) peuvent-ils renforcer l\u2019efficacit\u00e9 de la gestion des risques de catastrophe ?<\/h2>\t\t\t\t<\/div>\n\t\t\t\t<\/div>\n\t\t\t\t\t<\/div>\n\t\t<\/div>\n\t\t\t\t\t<\/div>\n\t\t<\/section>\n\t\t\t\t<section class=\"elementor-section elementor-top-section elementor-element elementor-element-089eb59 elementor-section-boxed elementor-section-height-default elementor-section-height-default\" data-id=\"089eb59\" data-element_type=\"section\" data-e-type=\"section\">\n\t\t\t\t\t\t<div class=\"elementor-container elementor-column-gap-default\">\n\t\t\t\t\t<div class=\"elementor-column elementor-col-100 elementor-top-column elementor-element elementor-element-5f0e6b2\" data-id=\"5f0e6b2\" data-element_type=\"column\" data-e-type=\"column\">\n\t\t\t<div class=\"elementor-widget-wrap elementor-element-populated\">\n\t\t\t\t\t\t<div class=\"elementor-element elementor-element-10f8e83 elementor-widget elementor-widget-text-editor\" data-id=\"10f8e83\" data-element_type=\"widget\" data-e-type=\"widget\" data-widget_type=\"text-editor.default\">\n\t\t\t\t<div class=\"elementor-widget-container\">\n\t\t\t\t\t\t\t\t\t<p>Les catastrophes naturelles, renforc\u00e9es par le changement climatique, deviennent plus fr\u00e9quentes et plus intenses, mettant \u00e0 l\u2019\u00e9preuve les mod\u00e8les de gouvernance traditionnels. Les approches descendantes classiques peinent souvent \u00e0 mobiliser les acteurs locaux ou \u00e0 concevoir des solutions adapt\u00e9es \u00e0 chaque contexte. L\u2019approche PPCP propose une alternative en r\u00e9unissant les autorit\u00e9s publiques, les acteurs priv\u00e9s et la soci\u00e9t\u00e9 civile dans une collaboration structur\u00e9e. Par la co-cr\u00e9ation et la coresponsabilit\u00e9, les PPCP aident les communaut\u00e9s \u00e0 identifier leurs vuln\u00e9rabilit\u00e9s, d\u00e9finir des priorit\u00e9s et \u00e9laborer des solutions adapt\u00e9es \u00e0 leur r\u00e9alit\u00e9. Cette dynamique participative favorise la confiance, la responsabilisation et l\u2019engagement collectif, \u00e9l\u00e9ments essentiels pour construire une r\u00e9silience durable.<\/p><p>Le sch\u00e9ma ci-dessous illustre les interactions entre les trois secteurs au c\u0153ur des PPCP et les types de partenariats qu\u2019ils peuvent constituer ensemble.<\/p>\t\t\t\t\t\t\t\t<\/div>\n\t\t\t\t<\/div>\n\t\t\t\t\t<\/div>\n\t\t<\/div>\n\t\t\t\t\t<\/div>\n\t\t<\/section>\n\t\t\t\t<section class=\"elementor-section elementor-top-section elementor-element elementor-element-c7c48fa elementor-section-boxed elementor-section-height-default elementor-section-height-default\" data-id=\"c7c48fa\" data-element_type=\"section\" data-e-type=\"section\">\n\t\t\t\t\t\t<div class=\"elementor-container elementor-column-gap-default\">\n\t\t\t\t\t<div class=\"elementor-column elementor-col-100 elementor-top-column elementor-element elementor-element-2e710f2\" data-id=\"2e710f2\" data-element_type=\"column\" data-e-type=\"column\">\n\t\t\t<div class=\"elementor-widget-wrap elementor-element-populated\">\n\t\t\t\t\t\t<div class=\"elementor-element elementor-element-361dc6c elementor-widget elementor-widget-image\" data-id=\"361dc6c\" data-element_type=\"widget\" data-e-type=\"widget\" data-widget_type=\"image.default\">\n\t\t\t\t<div class=\"elementor-widget-container\">\n\t\t\t\t\t\t\t\t\t\t\t\t\t\t\t<img fetchpriority=\"high\" decoding=\"async\" width=\"697\" height=\"591\" src=\"https:\/\/www.arteliagroup.com\/wp-content\/uploads\/2025\/07\/PCPP_MIT4Adapt_figure1.jpg\" class=\"attachment-large size-large wp-image-22777\" alt=\"\" srcset=\"https:\/\/www.arteliagroup.com\/wp-content\/uploads\/2025\/07\/PCPP_MIT4Adapt_figure1.jpg 697w, https:\/\/www.arteliagroup.com\/wp-content\/uploads\/2025\/07\/PCPP_MIT4Adapt_figure1-300x254.jpg 300w\" sizes=\"(max-width: 697px) 100vw, 697px\" \/>\t\t\t\t\t\t\t\t\t\t\t\t\t\t\t<\/div>\n\t\t\t\t<\/div>\n\t\t\t\t\t<\/div>\n\t\t<\/div>\n\t\t\t\t\t<\/div>\n\t\t<\/section>\n\t\t\t\t<section class=\"elementor-section elementor-top-section elementor-element elementor-element-176ce6e elementor-section-boxed elementor-section-height-default elementor-section-height-default\" data-id=\"176ce6e\" data-element_type=\"section\" data-e-type=\"section\">\n\t\t\t\t\t\t<div class=\"elementor-container elementor-column-gap-default\">\n\t\t\t\t\t<div class=\"elementor-column elementor-col-100 elementor-top-column elementor-element elementor-element-e5e47ae\" data-id=\"e5e47ae\" data-element_type=\"column\" data-e-type=\"column\">\n\t\t\t<div class=\"elementor-widget-wrap elementor-element-populated\">\n\t\t\t\t\t\t<div class=\"elementor-element elementor-element-eb90f63 elementor-widget elementor-widget-text-editor\" data-id=\"eb90f63\" data-element_type=\"widget\" data-e-type=\"widget\" data-widget_type=\"text-editor.default\">\n\t\t\t\t<div class=\"elementor-widget-container\">\n\t\t\t\t\t\t\t\t\t<h6><em>Figure 1 &#8211; Typologie des partenariats collaboratifs dans l&rsquo;approche PPCP<\/em><\/h6>\t\t\t\t\t\t\t\t<\/div>\n\t\t\t\t<\/div>\n\t\t\t\t\t<\/div>\n\t\t<\/div>\n\t\t\t\t\t<\/div>\n\t\t<\/section>\n\t\t\t\t<section class=\"elementor-section elementor-top-section elementor-element elementor-element-d0a11be elementor-section-boxed elementor-section-height-default elementor-section-height-default\" data-id=\"d0a11be\" data-element_type=\"section\" data-e-type=\"section\">\n\t\t\t\t\t\t<div class=\"elementor-container elementor-column-gap-default\">\n\t\t\t\t\t<div class=\"elementor-column elementor-col-100 elementor-top-column elementor-element elementor-element-7156f27\" data-id=\"7156f27\" data-element_type=\"column\" data-e-type=\"column\">\n\t\t\t<div class=\"elementor-widget-wrap elementor-element-populated\">\n\t\t\t\t\t\t<div class=\"elementor-element elementor-element-fda24cb elementor-widget elementor-widget-heading\" data-id=\"fda24cb\" data-element_type=\"widget\" data-e-type=\"widget\" data-widget_type=\"heading.default\">\n\t\t\t\t<div class=\"elementor-widget-container\">\n\t\t\t\t\t<h2 class=\"elementor-heading-title elementor-size-default\">Quels sont les principes cl\u00e9s de l\u2019approche PPCP ?<\/h2>\t\t\t\t<\/div>\n\t\t\t\t<\/div>\n\t\t\t\t\t<\/div>\n\t\t<\/div>\n\t\t\t\t\t<\/div>\n\t\t<\/section>\n\t\t\t\t<section class=\"elementor-section elementor-top-section elementor-element elementor-element-4203fda elementor-section-boxed elementor-section-height-default elementor-section-height-default\" data-id=\"4203fda\" data-element_type=\"section\" data-e-type=\"section\">\n\t\t\t\t\t\t<div class=\"elementor-container elementor-column-gap-default\">\n\t\t\t\t\t<div class=\"elementor-column elementor-col-100 elementor-top-column elementor-element elementor-element-1a9575a\" data-id=\"1a9575a\" data-element_type=\"column\" data-e-type=\"column\">\n\t\t\t<div class=\"elementor-widget-wrap elementor-element-populated\">\n\t\t\t\t\t\t<div class=\"elementor-element elementor-element-c5b3913 elementor-widget elementor-widget-text-editor\" data-id=\"c5b3913\" data-element_type=\"widget\" data-e-type=\"widget\" data-widget_type=\"text-editor.default\">\n\t\t\t\t<div class=\"elementor-widget-container\">\n\t\t\t\t\t\t\t\t\t<p>L\u2019approche repose sur deux piliers principaux. D\u2019abord, elle favorise l\u2019engagement tripartite, garantissant que les autorit\u00e9s publiques, les acteurs priv\u00e9s et les organisations de la soci\u00e9t\u00e9 civile jouent tous un r\u00f4le actif. Ensuite, elle s\u2019appuie sur l\u2019organisation r\u00e9guli\u00e8re de Labs PPCP\u00a0: des ateliers de dialogue, de collaboration et de co-cr\u00e9ation. En compl\u00e9ment, l\u2019approche valorise l\u2019utilisation d\u2019outils participatifs simples et accessibles, des processus d\u2019apprentissage it\u00e9ratifs et des pratiques inclusives permettant \u00e0 chacun de contribuer de mani\u00e8re significative.<\/p>\t\t\t\t\t\t\t\t<\/div>\n\t\t\t\t<\/div>\n\t\t\t\t\t<\/div>\n\t\t<\/div>\n\t\t\t\t\t<\/div>\n\t\t<\/section>\n\t\t\t\t<section class=\"elementor-section elementor-top-section elementor-element elementor-element-be2eb5e elementor-section-boxed elementor-section-height-default elementor-section-height-default\" data-id=\"be2eb5e\" data-element_type=\"section\" data-e-type=\"section\">\n\t\t\t\t\t\t<div class=\"elementor-container elementor-column-gap-default\">\n\t\t\t\t\t<div class=\"elementor-column elementor-col-100 elementor-top-column elementor-element elementor-element-9ae32e5\" data-id=\"9ae32e5\" data-element_type=\"column\" data-e-type=\"column\">\n\t\t\t<div class=\"elementor-widget-wrap elementor-element-populated\">\n\t\t\t\t\t\t<div class=\"elementor-element elementor-element-465d0fa elementor-widget elementor-widget-spacer\" data-id=\"465d0fa\" data-element_type=\"widget\" data-e-type=\"widget\" data-widget_type=\"spacer.default\">\n\t\t\t\t<div class=\"elementor-widget-container\">\n\t\t\t\t\t\t\t<div class=\"elementor-spacer\">\n\t\t\t<div class=\"elementor-spacer-inner\"><\/div>\n\t\t<\/div>\n\t\t\t\t\t\t<\/div>\n\t\t\t\t<\/div>\n\t\t\t\t\t<\/div>\n\t\t<\/div>\n\t\t\t\t\t<\/div>\n\t\t<\/section>\n\t\t\t\t<section class=\"elementor-section elementor-top-section elementor-element elementor-element-f30332e elementor-section-boxed elementor-section-height-default elementor-section-height-default\" data-id=\"f30332e\" data-element_type=\"section\" data-e-type=\"section\">\n\t\t\t\t\t\t<div class=\"elementor-container elementor-column-gap-default\">\n\t\t\t\t\t<div class=\"elementor-column elementor-col-100 elementor-top-column elementor-element elementor-element-fe34163\" data-id=\"fe34163\" data-element_type=\"column\" data-e-type=\"column\">\n\t\t\t<div class=\"elementor-widget-wrap elementor-element-populated\">\n\t\t\t\t\t\t<div class=\"elementor-element elementor-element-0558461 elementor-widget elementor-widget-heading\" data-id=\"0558461\" data-element_type=\"widget\" data-e-type=\"widget\" data-widget_type=\"heading.default\">\n\t\t\t\t<div class=\"elementor-widget-container\">\n\t\t\t\t\t<h2 class=\"elementor-heading-title elementor-size-default\">Comment le PPCP est-il mis en \u0153uvre en pratique ?<\/h2>\t\t\t\t<\/div>\n\t\t\t\t<\/div>\n\t\t\t\t\t<\/div>\n\t\t<\/div>\n\t\t\t\t\t<\/div>\n\t\t<\/section>\n\t\t\t\t<section class=\"elementor-section elementor-top-section elementor-element elementor-element-3b5063f elementor-section-boxed elementor-section-height-default elementor-section-height-default\" data-id=\"3b5063f\" data-element_type=\"section\" data-e-type=\"section\">\n\t\t\t\t\t\t<div class=\"elementor-container elementor-column-gap-default\">\n\t\t\t\t\t<div class=\"elementor-column elementor-col-100 elementor-top-column elementor-element elementor-element-980544c\" data-id=\"980544c\" data-element_type=\"column\" data-e-type=\"column\">\n\t\t\t<div class=\"elementor-widget-wrap elementor-element-populated\">\n\t\t\t\t\t\t<div class=\"elementor-element elementor-element-776961a elementor-widget elementor-widget-text-editor\" data-id=\"776961a\" data-element_type=\"widget\" data-e-type=\"widget\" data-widget_type=\"text-editor.default\">\n\t\t\t\t<div class=\"elementor-widget-container\">\n\t\t\t\t\t\t\t\t\t<p>Sa mise en place suit g\u00e9n\u00e9ralement trois \u00e9tapes.<br \/>La premi\u00e8re constitue une phase de cadrage, avec la cartographie des syst\u00e8mes de gouvernance locaux et l\u2019identification des parties prenantes \u00e0 impliquer.<\/p><p>Pour la deuxi\u00e8me \u00e9tape, une s\u00e9rie de Labs est organis\u00e9e : des ateliers structur\u00e9s au cours desquels les participants analysent les risques naturels, explorent des sc\u00e9narios de gestion et co-con\u00e7oivent des actions concr\u00e8tes \u00e0 mettre en \u0153uvre localement pour renforcer la pr\u00e9vention et la r\u00e9duction des impacts&#8230; Inspir\u00e9s par des m\u00e9thodes telles que les Living Labs et le Design Thinking, ces ateliers utilisent des outils cr\u00e9atifs (cartographies, simulations, prototypage) pour stimuler le dialogue et l\u2019engagement.<\/p><p>La troisi\u00e8me \u00e9tape se concentre sur la capitalisation et l\u2019\u00e9valuation : documenter les r\u00e9sultats, recueillir des retours et explorer comment int\u00e9grer les acquis dans des plans de gestion et de pr\u00e9vention, ou bien budgets formels.<\/p><p>Le sch\u00e9ma suivant illustre le passage d\u2019une gouvernance descendante, caract\u00e9ris\u00e9e par des liens faibles entre acteurs, \u00e0 une gouvernance participative, o\u00f9 les parties prenantes forment un r\u00e9seau de centres de d\u00e9cision multiples. Chaque Lab poursuit des objectifs sp\u00e9cifiques, s\u2019appuyant sur un ensemble d\u2019outils de co-cr\u00e9ation participative.<\/p>\t\t\t\t\t\t\t\t<\/div>\n\t\t\t\t<\/div>\n\t\t\t\t\t<\/div>\n\t\t<\/div>\n\t\t\t\t\t<\/div>\n\t\t<\/section>\n\t\t\t\t<section class=\"elementor-section elementor-top-section elementor-element elementor-element-fb2da9c elementor-section-boxed elementor-section-height-default elementor-section-height-default\" data-id=\"fb2da9c\" data-element_type=\"section\" data-e-type=\"section\">\n\t\t\t\t\t\t<div class=\"elementor-container elementor-column-gap-default\">\n\t\t\t\t\t<div class=\"elementor-column elementor-col-100 elementor-top-column elementor-element elementor-element-5085c52\" data-id=\"5085c52\" data-element_type=\"column\" data-e-type=\"column\">\n\t\t\t<div class=\"elementor-widget-wrap elementor-element-populated\">\n\t\t\t\t\t\t<div class=\"elementor-element elementor-element-25e568e elementor-widget elementor-widget-image\" data-id=\"25e568e\" data-element_type=\"widget\" data-e-type=\"widget\" data-widget_type=\"image.default\">\n\t\t\t\t<div class=\"elementor-widget-container\">\n\t\t\t\t\t\t\t\t\t\t\t\t\t\t\t<img decoding=\"async\" width=\"800\" height=\"420\" src=\"https:\/\/www.arteliagroup.com\/wp-content\/uploads\/2025\/07\/PCPP_MIT4Adapt_figure2.jpg\" class=\"attachment-large size-large wp-image-22779\" alt=\"\" srcset=\"https:\/\/www.arteliagroup.com\/wp-content\/uploads\/2025\/07\/PCPP_MIT4Adapt_figure2.jpg 872w, https:\/\/www.arteliagroup.com\/wp-content\/uploads\/2025\/07\/PCPP_MIT4Adapt_figure2-300x158.jpg 300w, https:\/\/www.arteliagroup.com\/wp-content\/uploads\/2025\/07\/PCPP_MIT4Adapt_figure2-768x403.jpg 768w\" sizes=\"(max-width: 800px) 100vw, 800px\" \/>\t\t\t\t\t\t\t\t\t\t\t\t\t\t\t<\/div>\n\t\t\t\t<\/div>\n\t\t\t\t\t<\/div>\n\t\t<\/div>\n\t\t\t\t\t<\/div>\n\t\t<\/section>\n\t\t\t\t<section class=\"elementor-section elementor-top-section elementor-element elementor-element-e8f760e elementor-section-boxed elementor-section-height-default elementor-section-height-default\" data-id=\"e8f760e\" data-element_type=\"section\" data-e-type=\"section\">\n\t\t\t\t\t\t<div class=\"elementor-container elementor-column-gap-default\">\n\t\t\t\t\t<div class=\"elementor-column elementor-col-100 elementor-top-column elementor-element elementor-element-9a82dc5\" data-id=\"9a82dc5\" data-element_type=\"column\" data-e-type=\"column\">\n\t\t\t<div class=\"elementor-widget-wrap elementor-element-populated\">\n\t\t\t\t\t\t<div class=\"elementor-element elementor-element-37a1488 elementor-widget elementor-widget-text-editor\" data-id=\"37a1488\" data-element_type=\"widget\" data-e-type=\"widget\" data-widget_type=\"text-editor.default\">\n\t\t\t\t<div class=\"elementor-widget-container\">\n\t\t\t\t\t\t\t\t\t<h6><em>Figure 2 &#8211; Transition d&rsquo;une gouvernance conventionnelle \u00e0 une gouvernance participative gr\u00e2ce au PPCP : laboratoires (points verts), objectifs respectifs (gris) et bo\u00eete \u00e0 outils de co-cr\u00e9ation (bleu)<\/em><\/h6>\t\t\t\t\t\t\t\t<\/div>\n\t\t\t\t<\/div>\n\t\t\t\t\t<\/div>\n\t\t<\/div>\n\t\t\t\t\t<\/div>\n\t\t<\/section>\n\t\t\t\t<section class=\"elementor-section elementor-top-section elementor-element elementor-element-8f0b656 elementor-section-boxed elementor-section-height-default elementor-section-height-default\" data-id=\"8f0b656\" data-element_type=\"section\" data-e-type=\"section\">\n\t\t\t\t\t\t<div class=\"elementor-container elementor-column-gap-default\">\n\t\t\t\t\t<div class=\"elementor-column elementor-col-100 elementor-top-column elementor-element elementor-element-cdece90\" data-id=\"cdece90\" data-element_type=\"column\" data-e-type=\"column\">\n\t\t\t<div class=\"elementor-widget-wrap elementor-element-populated\">\n\t\t\t\t\t\t<div class=\"elementor-element elementor-element-86568d8 elementor-widget elementor-widget-text-editor\" data-id=\"86568d8\" data-element_type=\"widget\" data-e-type=\"widget\" data-widget_type=\"text-editor.default\">\n\t\t\t\t<div class=\"elementor-widget-container\">\n\t\t\t\t\t\t\t\t\t<p>D\u00e9velopp\u00e9 par Artelia dans le cadre du projet Horizon Europe C2IMPRESS (subvention n\u00b0101074004), le PPCP a d\u00e9j\u00e0 \u00e9t\u00e9 test\u00e9 dans plusieurs zones pilotes (Gr\u00e8ce, Portugal, Espagne, Turquie). Ces exp\u00e9riences ont montr\u00e9 que l\u2019approche renforce efficacement le dialogue intersectoriel, g\u00e9n\u00e8re des connaissances locales et cr\u00e9e une dynamique de gouvernance collaborative. Bien qu\u2019elle ait produit des r\u00e9sultats tangibles, l\u2019approche en est encore \u00e0 ses d\u00e9buts et doit relever plusieurs d\u00e9fis, notamment :<\/p><ul><li>Impliquer de mani\u00e8re effective le secteur priv\u00e9 et la soci\u00e9t\u00e9 civile, ce qui peut \u00eatre plus difficile que de mobiliser les acteurs publics,<\/li><li>Composer avec la rigidit\u00e9 et l\u2019inertie institutionnelles, qui limitent souvent l\u2019autonomie et la marge de man\u0153uvre locales,<\/li><li>Garantir la p\u00e9rennit\u00e9 du PPCP au-del\u00e0 de la dur\u00e9e des Labs.<\/li><\/ul>\t\t\t\t\t\t\t\t<\/div>\n\t\t\t\t<\/div>\n\t\t\t\t\t<\/div>\n\t\t<\/div>\n\t\t\t\t\t<\/div>\n\t\t<\/section>\n\t\t\t\t<section class=\"elementor-section elementor-top-section elementor-element elementor-element-862d094 elementor-section-boxed elementor-section-height-default elementor-section-height-default\" data-id=\"862d094\" data-element_type=\"section\" data-e-type=\"section\">\n\t\t\t\t\t\t<div class=\"elementor-container elementor-column-gap-default\">\n\t\t\t\t\t<div class=\"elementor-column elementor-col-100 elementor-top-column elementor-element elementor-element-4ce1640\" data-id=\"4ce1640\" data-element_type=\"column\" data-e-type=\"column\">\n\t\t\t<div class=\"elementor-widget-wrap elementor-element-populated\">\n\t\t\t\t\t\t<div class=\"elementor-element elementor-element-bef0879 elementor-widget elementor-widget-spacer\" data-id=\"bef0879\" data-element_type=\"widget\" data-e-type=\"widget\" data-widget_type=\"spacer.default\">\n\t\t\t\t<div class=\"elementor-widget-container\">\n\t\t\t\t\t\t\t<div class=\"elementor-spacer\">\n\t\t\t<div class=\"elementor-spacer-inner\"><\/div>\n\t\t<\/div>\n\t\t\t\t\t\t<\/div>\n\t\t\t\t<\/div>\n\t\t\t\t\t<\/div>\n\t\t<\/div>\n\t\t\t\t\t<\/div>\n\t\t<\/section>\n\t\t\t\t<section class=\"elementor-section elementor-top-section elementor-element elementor-element-4b8dbfb elementor-section-boxed elementor-section-height-default elementor-section-height-default\" data-id=\"4b8dbfb\" data-element_type=\"section\" data-e-type=\"section\">\n\t\t\t\t\t\t<div class=\"elementor-container elementor-column-gap-default\">\n\t\t\t\t\t<div class=\"elementor-column elementor-col-100 elementor-top-column elementor-element elementor-element-20049d9\" data-id=\"20049d9\" data-element_type=\"column\" data-e-type=\"column\">\n\t\t\t<div class=\"elementor-widget-wrap elementor-element-populated\">\n\t\t\t\t\t\t<div class=\"elementor-element elementor-element-3ca610a elementor-widget elementor-widget-heading\" data-id=\"3ca610a\" data-element_type=\"widget\" data-e-type=\"widget\" data-widget_type=\"heading.default\">\n\t\t\t\t<div class=\"elementor-widget-container\">\n\t\t\t\t\t<h2 class=\"elementor-heading-title elementor-size-default\">Quels enseignements ont \u00e9merg\u00e9 et comment peuvent-ils inspirer la planification future de la r\u00e9silience ?<\/h2>\t\t\t\t<\/div>\n\t\t\t\t<\/div>\n\t\t\t\t\t<\/div>\n\t\t<\/div>\n\t\t\t\t\t<\/div>\n\t\t<\/section>\n\t\t\t\t<section class=\"elementor-section elementor-top-section elementor-element elementor-element-1006444 elementor-section-boxed elementor-section-height-default elementor-section-height-default\" data-id=\"1006444\" data-element_type=\"section\" data-e-type=\"section\">\n\t\t\t\t\t\t<div class=\"elementor-container elementor-column-gap-default\">\n\t\t\t\t\t<div class=\"elementor-column elementor-col-100 elementor-top-column elementor-element elementor-element-3083ca4\" data-id=\"3083ca4\" data-element_type=\"column\" data-e-type=\"column\">\n\t\t\t<div class=\"elementor-widget-wrap elementor-element-populated\">\n\t\t\t\t\t\t<div class=\"elementor-element elementor-element-4d4f02d elementor-widget elementor-widget-text-editor\" data-id=\"4d4f02d\" data-element_type=\"widget\" data-e-type=\"widget\" data-widget_type=\"text-editor.default\">\n\t\t\t\t<div class=\"elementor-widget-container\">\n\t\t\t\t\t\t\t\t\t<p>L\u2019exp\u00e9rience montre que l\u2019animation claire et la conception minutieuse des processus sont essentielles. Aligner les activit\u00e9s PPCP avec les politiques et cadres juridiques existants permet d\u2019\u00e9viter les doublons et de renforcer la l\u00e9gitimit\u00e9. Mobiliser d\u00e8s le d\u00e9part les groupes sous-repr\u00e9sent\u00e9s, comme les petites entreprises ou les r\u00e9seaux communautaires informels, accro\u00eet la diversit\u00e9 et l\u2019adh\u00e9sion. Tout aussi important, garantir le soutien politique et des ressources d\u00e9di\u00e9es est indispensable pour que les actions co-con\u00e7ues deviennent des strat\u00e9gies durables.<\/p><p>Face \u00e0 l\u2019augmentation des risques climatiques, des approches participatives comme le PPCP offrent des perspectives prometteuses pour rendre la planification de la r\u00e9silience plus inclusive, adaptable et ancr\u00e9e dans la r\u00e9alit\u00e9 des territoires.<\/p>\t\t\t\t\t\t\t\t<\/div>\n\t\t\t\t<\/div>\n\t\t\t\t\t<\/div>\n\t\t<\/div>\n\t\t\t\t\t<\/div>\n\t\t<\/section>\n\t\t\t\t<section class=\"elementor-section elementor-top-section elementor-element elementor-element-c75aacd elementor-section-boxed elementor-section-height-default elementor-section-height-default\" data-id=\"c75aacd\" data-element_type=\"section\" data-e-type=\"section\">\n\t\t\t\t\t\t<div class=\"elementor-container elementor-column-gap-default\">\n\t\t\t\t\t<div class=\"elementor-column elementor-col-100 elementor-top-column elementor-element elementor-element-acde8d6\" data-id=\"acde8d6\" data-element_type=\"column\" data-e-type=\"column\">\n\t\t\t<div class=\"elementor-widget-wrap elementor-element-populated\">\n\t\t\t\t\t\t<div class=\"elementor-element elementor-element-27b33e9 elementor-widget elementor-widget-spacer\" data-id=\"27b33e9\" data-element_type=\"widget\" data-e-type=\"widget\" data-widget_type=\"spacer.default\">\n\t\t\t\t<div class=\"elementor-widget-container\">\n\t\t\t\t\t\t\t<div class=\"elementor-spacer\">\n\t\t\t<div class=\"elementor-spacer-inner\"><\/div>\n\t\t<\/div>\n\t\t\t\t\t\t<\/div>\n\t\t\t\t<\/div>\n\t\t\t\t\t<\/div>\n\t\t<\/div>\n\t\t\t\t\t<\/div>\n\t\t<\/section>\n\t\t\t\t<section class=\"elementor-section elementor-top-section elementor-element elementor-element-67e8456 elementor-section-boxed elementor-section-height-default elementor-section-height-default\" data-id=\"67e8456\" data-element_type=\"section\" data-e-type=\"section\">\n\t\t\t\t\t\t<div class=\"elementor-container elementor-column-gap-default\">\n\t\t\t\t\t<div class=\"elementor-column elementor-col-100 elementor-top-column elementor-element elementor-element-e9fc138\" data-id=\"e9fc138\" data-element_type=\"column\" data-e-type=\"column\">\n\t\t\t<div class=\"elementor-widget-wrap elementor-element-populated\">\n\t\t\t\t\t\t<div class=\"elementor-element elementor-element-c4e0249 elementor-widget__width-initial elementor-widget elementor-widget-heading\" data-id=\"c4e0249\" data-element_type=\"widget\" data-e-type=\"widget\" data-widget_type=\"heading.default\">\n\t\t\t\t<div class=\"elementor-widget-container\">\n\t\t\t\t\t<h2 class=\"elementor-heading-title elementor-size-default\">Quelles sont les prochaines \u00e9tapes de d\u00e9veloppement et d\u2019application du PPCP ?<\/h2>\t\t\t\t<\/div>\n\t\t\t\t<\/div>\n\t\t\t\t\t<\/div>\n\t\t<\/div>\n\t\t\t\t\t<\/div>\n\t\t<\/section>\n\t\t\t\t<section class=\"elementor-section elementor-top-section elementor-element elementor-element-33d1aec elementor-section-boxed elementor-section-height-default elementor-section-height-default\" data-id=\"33d1aec\" data-element_type=\"section\" data-e-type=\"section\">\n\t\t\t\t\t\t<div class=\"elementor-container elementor-column-gap-default\">\n\t\t\t\t\t<div class=\"elementor-column elementor-col-100 elementor-top-column elementor-element elementor-element-9d33d5c\" data-id=\"9d33d5c\" data-element_type=\"column\" data-e-type=\"column\">\n\t\t\t<div class=\"elementor-widget-wrap elementor-element-populated\">\n\t\t\t\t\t\t<div class=\"elementor-element elementor-element-73641db elementor-widget elementor-widget-text-editor\" data-id=\"73641db\" data-element_type=\"widget\" data-e-type=\"widget\" data-widget_type=\"text-editor.default\">\n\t\t\t\t<div class=\"elementor-widget-container\">\n\t\t\t\t\t\t\t\t\t<p>Apr\u00e8s sa premi\u00e8re mise en \u0153uvre pour le projet C2IMPRESS, le PPCP est entr\u00e9 dans une nouvelle phase avec son d\u00e9ploiement au sein de MED-IREN (subvention n\u00b0101157707), un autre projet Horizon Europe ax\u00e9 sur les solutions fond\u00e9es sur la nature et impliquant neuf nouvelles zones d\u2019\u00e9tude en Union Europ\u00e9enne (France, Gr\u00e8ce, Chypre, Espagne, Italie, Bulgarie et Finlande). Cette application \u00e0 plus grande \u00e9chelle permettra de consolider les apprentissages, d\u2019adapter l\u2019approche \u00e0 des contextes culturels et institutionnels vari\u00e9s, et de renforcer sa capacit\u00e9 \u00e0 r\u00e9pondre \u00e0 des d\u00e9fis tels que les vagues de chaleur, les risques c\u00f4tiers ou les inondations urbaines.<\/p><p>En parall\u00e8le, le PPCP sera exp\u00e9riment\u00e9 dans un troisi\u00e8me projet qui d\u00e9butera en novembre, o\u00f9, pour la premi\u00e8re fois, des citoyens participeront directement comme parties prenantes individuelles. Des repr\u00e9sentants citoyens rejoindront les Labs aux c\u00f4t\u00e9s des acteurs publics, priv\u00e9s et de la soci\u00e9t\u00e9 civile, ouvrant de nouvelles voies pour l\u2019engagement ascendant et la d\u00e9cision partag\u00e9e.<\/p><p>\u00c0 plus long terme, le PPCP est \u00e9galement explor\u00e9 comme m\u00e9thodologie prometteuse pour l\u2019implication des parties prenantes dans les \u00c9tudes d\u2019Impact Environnemental et Social. Son application pourrait aider les porteurs de projet et les autorit\u00e9s \u00e0 associer plus efficacement les parties prenantes \u00e0 la co-conception participative des mesures de r\u00e9duction et d\u2019adaptation des projets d\u2019infrastructures.<\/p>\t\t\t\t\t\t\t\t<\/div>\n\t\t\t\t<\/div>\n\t\t\t\t\t<\/div>\n\t\t<\/div>\n\t\t\t\t\t<\/div>\n\t\t<\/section>\n\t\t\t\t<section class=\"elementor-section elementor-top-section elementor-element elementor-element-65d5bf3 elementor-section-boxed elementor-section-height-default elementor-section-height-default\" data-id=\"65d5bf3\" data-element_type=\"section\" data-e-type=\"section\">\n\t\t\t\t\t\t<div class=\"elementor-container elementor-column-gap-default\">\n\t\t\t\t\t<div class=\"elementor-column elementor-col-100 elementor-top-column elementor-element elementor-element-e8f3eea\" data-id=\"e8f3eea\" data-element_type=\"column\" data-e-type=\"column\">\n\t\t\t<div class=\"elementor-widget-wrap elementor-element-populated\">\n\t\t\t\t\t\t<div class=\"elementor-element elementor-element-a5aa005 elementor-widget elementor-widget-image\" data-id=\"a5aa005\" data-element_type=\"widget\" data-e-type=\"widget\" data-widget_type=\"image.default\">\n\t\t\t\t<div class=\"elementor-widget-container\">\n\t\t\t\t\t\t\t\t\t\t\t\t\t\t\t<img decoding=\"async\" width=\"800\" height=\"382\" src=\"https:\/\/www.arteliagroup.com\/wp-content\/uploads\/2025\/07\/PCPP_MIT4Adapt_2.jpg\" class=\"attachment-large size-large wp-image-22775\" alt=\"\" srcset=\"https:\/\/www.arteliagroup.com\/wp-content\/uploads\/2025\/07\/PCPP_MIT4Adapt_2.jpg 884w, https:\/\/www.arteliagroup.com\/wp-content\/uploads\/2025\/07\/PCPP_MIT4Adapt_2-300x143.jpg 300w, https:\/\/www.arteliagroup.com\/wp-content\/uploads\/2025\/07\/PCPP_MIT4Adapt_2-768x367.jpg 768w\" sizes=\"(max-width: 800px) 100vw, 800px\" \/>\t\t\t\t\t\t\t\t\t\t\t\t\t\t\t<\/div>\n\t\t\t\t<\/div>\n\t\t\t\t\t<\/div>\n\t\t<\/div>\n\t\t\t\t\t<\/div>\n\t\t<\/section>\n\t\t\t\t<section class=\"elementor-section elementor-top-section elementor-element elementor-element-c0852cc elementor-section-boxed elementor-section-height-default elementor-section-height-default\" data-id=\"c0852cc\" data-element_type=\"section\" data-e-type=\"section\">\n\t\t\t\t\t\t<div class=\"elementor-container elementor-column-gap-no\">\n\t\t\t\t\t<div class=\"elementor-column elementor-col-100 elementor-top-column elementor-element elementor-element-4ba53e9a\" data-id=\"4ba53e9a\" data-element_type=\"column\" data-e-type=\"column\">\n\t\t\t<div class=\"elementor-widget-wrap elementor-element-populated\">\n\t\t\t\t\t\t<div class=\"elementor-element elementor-element-6c710797 elementor-widget elementor-widget-text-editor\" data-id=\"6c710797\" data-element_type=\"widget\" data-e-type=\"widget\" data-widget_type=\"text-editor.default\">\n\t\t\t\t<div class=\"elementor-widget-container\">\n\t\t\t\t\t\t\t\t\t<p><em>Publi\u00e9 le 15 juillet 2025. <\/em><\/p><p><em>Autrices : <a href=\"mailto:juliette.rimlinger@arteliagroup.com\">Juliette Rimlinger<\/a>, <a href=\"mailto:alexandra.jaumouille@arteliagroup.com\">Alexandra Jaumouill\u00e9<\/a>, <a href=\"mailto:catherine.freissinet@arteliagroup.com\">Catherine Freissinet<\/a><\/em><\/p>\t\t\t\t\t\t\t\t<\/div>\n\t\t\t\t<\/div>\n\t\t\t\t\t<\/div>\n\t\t<\/div>\n\t\t\t\t\t<\/div>\n\t\t<\/section>\n\t\t\t\t<section class=\"elementor-section elementor-top-section elementor-element elementor-element-44f9544 elementor-section-boxed elementor-section-height-default elementor-section-height-default\" data-id=\"44f9544\" data-element_type=\"section\" data-e-type=\"section\">\n\t\t\t\t\t\t<div class=\"elementor-container elementor-column-gap-default\">\n\t\t\t\t\t<div class=\"elementor-column elementor-col-100 elementor-top-column elementor-element elementor-element-9cbe248\" data-id=\"9cbe248\" data-element_type=\"column\" data-e-type=\"column\">\n\t\t\t<div class=\"elementor-widget-wrap elementor-element-populated\">\n\t\t\t\t\t\t<div class=\"elementor-element elementor-element-ec70367 elementor-widget elementor-widget-button\" data-id=\"ec70367\" data-element_type=\"widget\" data-e-type=\"widget\" data-widget_type=\"button.default\">\n\t\t\t\t<div class=\"elementor-widget-container\">\n\t\t\t\t\t\t\t\t\t<div class=\"elementor-button-wrapper\">\n\t\t\t\t\t<a class=\"elementor-button elementor-button-link elementor-size-sm\" href=\"https:\/\/www.arteliagroup.com\/contact\/\">\n\t\t\t\t\t\t<span class=\"elementor-button-content-wrapper\">\n\t\t\t\t\t\t\t\t\t<span class=\"elementor-button-text\">Contact US<\/span>\n\t\t\t\t\t<\/span>\n\t\t\t\t\t<\/a>\n\t\t\t\t<\/div>\n\t\t\t\t\t\t\t\t<\/div>\n\t\t\t\t<\/div>\n\t\t\t\t\t<\/div>\n\t\t<\/div>\n\t\t\t\t\t<\/div>\n\t\t<\/section>\n\t\t\t\t<section class=\"elementor-section elementor-top-section elementor-element elementor-element-b234e63 elementor-section-boxed elementor-section-height-default elementor-section-height-default\" data-id=\"b234e63\" data-element_type=\"section\" data-e-type=\"section\">\n\t\t\t\t\t\t<div class=\"elementor-container elementor-column-gap-default\">\n\t\t\t\t\t<div class=\"elementor-column elementor-col-100 elementor-top-column elementor-element elementor-element-ed80bb6\" data-id=\"ed80bb6\" data-element_type=\"column\" data-e-type=\"column\">\n\t\t\t<div class=\"elementor-widget-wrap elementor-element-populated\">\n\t\t\t\t\t\t<div class=\"elementor-element elementor-element-1e60868 elementor-widget elementor-widget-spacer\" data-id=\"1e60868\" data-element_type=\"widget\" data-e-type=\"widget\" data-widget_type=\"spacer.default\">\n\t\t\t\t<div class=\"elementor-widget-container\">\n\t\t\t\t\t\t\t<div class=\"elementor-spacer\">\n\t\t\t<div class=\"elementor-spacer-inner\"><\/div>\n\t\t<\/div>\n\t\t\t\t\t\t<\/div>\n\t\t\t\t<\/div>\n\t\t\t\t\t<\/div>\n\t\t<\/div>\n\t\t\t\t\t<\/div>\n\t\t<\/section>\n\t\t\t\t<\/div>\n\t\t","protected":false},"excerpt":{"rendered":"<p>Artelia d\u00e9veloppe une approche participative innovante \u2013 les Partenariats Public\u2013Priv\u00e9\u2013Soci\u00e9t\u00e9 Civile \u2013 pour renforcer la r\u00e9silience face aux catastrophes naturelles.<\/p>\n","protected":false},"featured_media":22771,"template":"","market":[248],"challenge":[257],"class_list":["post-22773","corporate_blog","type-corporate_blog","status-publish","has-post-thumbnail","hentry","market-eau","challenge-resilience-au-changement-climatique"],"acf":[],"yoast_head":"<!-- This site is optimized with the Yoast SEO plugin v27.4 - https:\/\/yoast.com\/product\/yoast-seo-wordpress\/ -->\n<title>Vers une gouvernance participative des risques climatiques gr\u00e2ce aux partenariats public\u2013priv\u00e9\u2013soci\u00e9t\u00e9 civile - Artelia Group<\/title>\n<meta name=\"description\" content=\"In response to rising sea levels, Artelia is working with coastal regions to develop tailor-made adaptation strategies and sustainable solutions.\" \/>\n<meta name=\"robots\" content=\"index, follow, max-snippet:-1, max-image-preview:large, max-video-preview:-1\" \/>\n<link rel=\"canonical\" href=\"https:\/\/www.arteliagroup.com\/fr\/corporate_blog\/towards-participatory-governance-of-climate-risks-through-public-private-civil-society-partnerships\/\" \/>\n<meta property=\"og:locale\" content=\"fr_FR\" \/>\n<meta property=\"og:type\" content=\"article\" \/>\n<meta property=\"og:title\" content=\"Adapting coastal areas to rising sea levels\" \/>\n<meta property=\"og:description\" content=\"In response to rising sea levels, Artelia is working with coastal regions to develop tailor-made adaptation strategies and sustainable solutions.\" \/>\n<meta property=\"og:url\" content=\"https:\/\/www.arteliagroup.com\/fr\/corporate_blog\/towards-participatory-governance-of-climate-risks-through-public-private-civil-society-partnerships\/\" \/>\n<meta property=\"og:site_name\" content=\"Artelia Group\" \/>\n<meta property=\"article:modified_time\" content=\"2025-07-15T12:19:29+00:00\" \/>\n<meta property=\"og:image\" content=\"https:\/\/www.arteliagroup.com\/wp-content\/uploads\/2025\/05\/civ_assinie-1024x576.jpg\" \/>\n\t<meta property=\"og:image:width\" content=\"1024\" \/>\n\t<meta property=\"og:image:height\" content=\"576\" \/>\n\t<meta property=\"og:image:type\" content=\"image\/jpeg\" \/>\n<meta name=\"twitter:card\" content=\"summary_large_image\" \/>\n<meta name=\"twitter:title\" content=\"Adapting coastal areas to rising sea levels\" \/>\n<meta name=\"twitter:description\" content=\"In response to rising sea levels, Artelia is working with coastal regions to develop tailor-made adaptation strategies and sustainable solutions.\" \/>\n<meta name=\"twitter:image\" content=\"https:\/\/www.arteliagroup.com\/wp-content\/uploads\/2025\/05\/civ_assinie.jpg\" \/>\n<meta name=\"twitter:label1\" content=\"Dur\u00e9e de lecture estim\u00e9e\" \/>\n\t<meta name=\"twitter:data1\" content=\"5 minutes\" \/>\n<script type=\"application\/ld+json\" class=\"yoast-schema-graph\">{\"@context\":\"https:\\\/\\\/schema.org\",\"@graph\":[{\"@type\":\"WebPage\",\"@id\":\"https:\\\/\\\/www.arteliagroup.com\\\/fr\\\/corporate_blog\\\/towards-participatory-governance-of-climate-risks-through-public-private-civil-society-partnerships\\\/\",\"url\":\"https:\\\/\\\/www.arteliagroup.com\\\/fr\\\/corporate_blog\\\/towards-participatory-governance-of-climate-risks-through-public-private-civil-society-partnerships\\\/\",\"name\":\"Vers une gouvernance participative des risques climatiques gr\u00e2ce aux partenariats public\u2013priv\u00e9\u2013soci\u00e9t\u00e9 civile - Artelia Group\",\"isPartOf\":{\"@id\":\"https:\\\/\\\/www.arteliagroup.com\\\/#website\"},\"primaryImageOfPage\":{\"@id\":\"https:\\\/\\\/www.arteliagroup.com\\\/fr\\\/corporate_blog\\\/towards-participatory-governance-of-climate-risks-through-public-private-civil-society-partnerships\\\/#primaryimage\"},\"image\":{\"@id\":\"https:\\\/\\\/www.arteliagroup.com\\\/fr\\\/corporate_blog\\\/towards-participatory-governance-of-climate-risks-through-public-private-civil-society-partnerships\\\/#primaryimage\"},\"thumbnailUrl\":\"https:\\\/\\\/www.arteliagroup.com\\\/wp-content\\\/uploads\\\/2025\\\/07\\\/PCPP_MIT4Adapt.jpg\",\"datePublished\":\"2025-07-15T08:47:31+00:00\",\"dateModified\":\"2025-07-15T12:19:29+00:00\",\"description\":\"In response to rising sea levels, Artelia is working with coastal regions to develop tailor-made adaptation strategies and sustainable solutions.\",\"breadcrumb\":{\"@id\":\"https:\\\/\\\/www.arteliagroup.com\\\/fr\\\/corporate_blog\\\/towards-participatory-governance-of-climate-risks-through-public-private-civil-society-partnerships\\\/#breadcrumb\"},\"inLanguage\":\"fr-FR\",\"potentialAction\":[{\"@type\":\"ReadAction\",\"target\":[\"https:\\\/\\\/www.arteliagroup.com\\\/fr\\\/corporate_blog\\\/towards-participatory-governance-of-climate-risks-through-public-private-civil-society-partnerships\\\/\"]}]},{\"@type\":\"ImageObject\",\"inLanguage\":\"fr-FR\",\"@id\":\"https:\\\/\\\/www.arteliagroup.com\\\/fr\\\/corporate_blog\\\/towards-participatory-governance-of-climate-risks-through-public-private-civil-society-partnerships\\\/#primaryimage\",\"url\":\"https:\\\/\\\/www.arteliagroup.com\\\/wp-content\\\/uploads\\\/2025\\\/07\\\/PCPP_MIT4Adapt.jpg\",\"contentUrl\":\"https:\\\/\\\/www.arteliagroup.com\\\/wp-content\\\/uploads\\\/2025\\\/07\\\/PCPP_MIT4Adapt.jpg\",\"width\":1599,\"height\":675},{\"@type\":\"BreadcrumbList\",\"@id\":\"https:\\\/\\\/www.arteliagroup.com\\\/fr\\\/corporate_blog\\\/towards-participatory-governance-of-climate-risks-through-public-private-civil-society-partnerships\\\/#breadcrumb\",\"itemListElement\":[{\"@type\":\"ListItem\",\"position\":1,\"name\":\"Home\",\"item\":\"https:\\\/\\\/www.arteliagroup.com\\\/fr\\\/\"},{\"@type\":\"ListItem\",\"position\":2,\"name\":\"Vers une gouvernance participative des risques climatiques gr\u00e2ce aux partenariats public\u2013priv\u00e9\u2013soci\u00e9t\u00e9 civile\"}]},{\"@type\":\"WebSite\",\"@id\":\"https:\\\/\\\/www.arteliagroup.com\\\/#website\",\"url\":\"https:\\\/\\\/www.arteliagroup.com\\\/\",\"name\":\"Artelia Group\",\"description\":\"\",\"publisher\":{\"@id\":\"https:\\\/\\\/www.arteliagroup.com\\\/#organization\"},\"potentialAction\":[{\"@type\":\"SearchAction\",\"target\":{\"@type\":\"EntryPoint\",\"urlTemplate\":\"https:\\\/\\\/www.arteliagroup.com\\\/?s={search_term_string}\"},\"query-input\":{\"@type\":\"PropertyValueSpecification\",\"valueRequired\":true,\"valueName\":\"search_term_string\"}}],\"inLanguage\":\"fr-FR\"},{\"@type\":\"Organization\",\"@id\":\"https:\\\/\\\/www.arteliagroup.com\\\/#organization\",\"name\":\"Artelia Group\",\"url\":\"https:\\\/\\\/www.arteliagroup.com\\\/\",\"logo\":{\"@type\":\"ImageObject\",\"inLanguage\":\"fr-FR\",\"@id\":\"https:\\\/\\\/www.arteliagroup.com\\\/#\\\/schema\\\/logo\\\/image\\\/\",\"url\":\"https:\\\/\\\/www.arteliagroup.com\\\/wp-content\\\/uploads\\\/2023\\\/04\\\/logo_ARTELIA_Couleur.png\",\"contentUrl\":\"https:\\\/\\\/www.arteliagroup.com\\\/wp-content\\\/uploads\\\/2023\\\/04\\\/logo_ARTELIA_Couleur.png\",\"width\":303,\"height\":100,\"caption\":\"Artelia Group\"},\"image\":{\"@id\":\"https:\\\/\\\/www.arteliagroup.com\\\/#\\\/schema\\\/logo\\\/image\\\/\"}}]}<\/script>\n<!-- \/ Yoast SEO plugin. -->","yoast_head_json":{"title":"Vers une gouvernance participative des risques climatiques gr\u00e2ce aux partenariats public\u2013priv\u00e9\u2013soci\u00e9t\u00e9 civile - Artelia Group","description":"In response to rising sea levels, Artelia is working with coastal regions to develop tailor-made adaptation strategies and sustainable solutions.","robots":{"index":"index","follow":"follow","max-snippet":"max-snippet:-1","max-image-preview":"max-image-preview:large","max-video-preview":"max-video-preview:-1"},"canonical":"https:\/\/www.arteliagroup.com\/fr\/corporate_blog\/towards-participatory-governance-of-climate-risks-through-public-private-civil-society-partnerships\/","og_locale":"fr_FR","og_type":"article","og_title":"Adapting coastal areas to rising sea levels","og_description":"In response to rising sea levels, Artelia is working with coastal regions to develop tailor-made adaptation strategies and sustainable solutions.","og_url":"https:\/\/www.arteliagroup.com\/fr\/corporate_blog\/towards-participatory-governance-of-climate-risks-through-public-private-civil-society-partnerships\/","og_site_name":"Artelia Group","article_modified_time":"2025-07-15T12:19:29+00:00","og_image":[{"width":1024,"height":576,"url":"https:\/\/www.arteliagroup.com\/wp-content\/uploads\/2025\/05\/civ_assinie-1024x576.jpg","type":"image\/jpeg"}],"twitter_card":"summary_large_image","twitter_title":"Adapting coastal areas to rising sea levels","twitter_description":"In response to rising sea levels, Artelia is working with coastal regions to develop tailor-made adaptation strategies and sustainable solutions.","twitter_image":"https:\/\/www.arteliagroup.com\/wp-content\/uploads\/2025\/05\/civ_assinie.jpg","twitter_misc":{"Dur\u00e9e de lecture estim\u00e9e":"5 minutes"},"schema":{"@context":"https:\/\/schema.org","@graph":[{"@type":"WebPage","@id":"https:\/\/www.arteliagroup.com\/fr\/corporate_blog\/towards-participatory-governance-of-climate-risks-through-public-private-civil-society-partnerships\/","url":"https:\/\/www.arteliagroup.com\/fr\/corporate_blog\/towards-participatory-governance-of-climate-risks-through-public-private-civil-society-partnerships\/","name":"Vers une gouvernance participative des risques climatiques gr\u00e2ce aux partenariats public\u2013priv\u00e9\u2013soci\u00e9t\u00e9 civile - Artelia Group","isPartOf":{"@id":"https:\/\/www.arteliagroup.com\/#website"},"primaryImageOfPage":{"@id":"https:\/\/www.arteliagroup.com\/fr\/corporate_blog\/towards-participatory-governance-of-climate-risks-through-public-private-civil-society-partnerships\/#primaryimage"},"image":{"@id":"https:\/\/www.arteliagroup.com\/fr\/corporate_blog\/towards-participatory-governance-of-climate-risks-through-public-private-civil-society-partnerships\/#primaryimage"},"thumbnailUrl":"https:\/\/www.arteliagroup.com\/wp-content\/uploads\/2025\/07\/PCPP_MIT4Adapt.jpg","datePublished":"2025-07-15T08:47:31+00:00","dateModified":"2025-07-15T12:19:29+00:00","description":"In response to rising sea levels, Artelia is working with coastal regions to develop tailor-made adaptation strategies and sustainable solutions.","breadcrumb":{"@id":"https:\/\/www.arteliagroup.com\/fr\/corporate_blog\/towards-participatory-governance-of-climate-risks-through-public-private-civil-society-partnerships\/#breadcrumb"},"inLanguage":"fr-FR","potentialAction":[{"@type":"ReadAction","target":["https:\/\/www.arteliagroup.com\/fr\/corporate_blog\/towards-participatory-governance-of-climate-risks-through-public-private-civil-society-partnerships\/"]}]},{"@type":"ImageObject","inLanguage":"fr-FR","@id":"https:\/\/www.arteliagroup.com\/fr\/corporate_blog\/towards-participatory-governance-of-climate-risks-through-public-private-civil-society-partnerships\/#primaryimage","url":"https:\/\/www.arteliagroup.com\/wp-content\/uploads\/2025\/07\/PCPP_MIT4Adapt.jpg","contentUrl":"https:\/\/www.arteliagroup.com\/wp-content\/uploads\/2025\/07\/PCPP_MIT4Adapt.jpg","width":1599,"height":675},{"@type":"BreadcrumbList","@id":"https:\/\/www.arteliagroup.com\/fr\/corporate_blog\/towards-participatory-governance-of-climate-risks-through-public-private-civil-society-partnerships\/#breadcrumb","itemListElement":[{"@type":"ListItem","position":1,"name":"Home","item":"https:\/\/www.arteliagroup.com\/fr\/"},{"@type":"ListItem","position":2,"name":"Vers une gouvernance participative des risques climatiques gr\u00e2ce aux partenariats public\u2013priv\u00e9\u2013soci\u00e9t\u00e9 civile"}]},{"@type":"WebSite","@id":"https:\/\/www.arteliagroup.com\/#website","url":"https:\/\/www.arteliagroup.com\/","name":"Artelia Group","description":"","publisher":{"@id":"https:\/\/www.arteliagroup.com\/#organization"},"potentialAction":[{"@type":"SearchAction","target":{"@type":"EntryPoint","urlTemplate":"https:\/\/www.arteliagroup.com\/?s={search_term_string}"},"query-input":{"@type":"PropertyValueSpecification","valueRequired":true,"valueName":"search_term_string"}}],"inLanguage":"fr-FR"},{"@type":"Organization","@id":"https:\/\/www.arteliagroup.com\/#organization","name":"Artelia Group","url":"https:\/\/www.arteliagroup.com\/","logo":{"@type":"ImageObject","inLanguage":"fr-FR","@id":"https:\/\/www.arteliagroup.com\/#\/schema\/logo\/image\/","url":"https:\/\/www.arteliagroup.com\/wp-content\/uploads\/2023\/04\/logo_ARTELIA_Couleur.png","contentUrl":"https:\/\/www.arteliagroup.com\/wp-content\/uploads\/2023\/04\/logo_ARTELIA_Couleur.png","width":303,"height":100,"caption":"Artelia Group"},"image":{"@id":"https:\/\/www.arteliagroup.com\/#\/schema\/logo\/image\/"}}]}},"_links":{"self":[{"href":"https:\/\/www.arteliagroup.com\/fr\/wp-json\/wp\/v2\/corporate_blog\/22773","targetHints":{"allow":["GET"]}}],"collection":[{"href":"https:\/\/www.arteliagroup.com\/fr\/wp-json\/wp\/v2\/corporate_blog"}],"about":[{"href":"https:\/\/www.arteliagroup.com\/fr\/wp-json\/wp\/v2\/types\/corporate_blog"}],"version-history":[{"count":39,"href":"https:\/\/www.arteliagroup.com\/fr\/wp-json\/wp\/v2\/corporate_blog\/22773\/revisions"}],"predecessor-version":[{"id":22839,"href":"https:\/\/www.arteliagroup.com\/fr\/wp-json\/wp\/v2\/corporate_blog\/22773\/revisions\/22839"}],"wp:featuredmedia":[{"embeddable":true,"href":"https:\/\/www.arteliagroup.com\/fr\/wp-json\/wp\/v2\/media\/22771"}],"wp:attachment":[{"href":"https:\/\/www.arteliagroup.com\/fr\/wp-json\/wp\/v2\/media?parent=22773"}],"wp:term":[{"taxonomy":"market","embeddable":true,"href":"https:\/\/www.arteliagroup.com\/fr\/wp-json\/wp\/v2\/market?post=22773"},{"taxonomy":"challenge","embeddable":true,"href":"https:\/\/www.arteliagroup.com\/fr\/wp-json\/wp\/v2\/challenge?post=22773"}],"curies":[{"name":"wp","href":"https:\/\/api.w.org\/{rel}","templated":true}]}}