{"id":15831,"date":"2024-01-29T10:18:00","date_gmt":"2024-01-29T09:18:00","guid":{"rendered":"https:\/\/www.arteliagroup.com\/?p=15831"},"modified":"2024-02-09T10:37:20","modified_gmt":"2024-02-09T09:37:20","slug":"prolongement-de-la-chaire-industrielle-oxalia-le-genie-vegetal-au-service-des-structures-hydrauliques","status":"publish","type":"post","link":"https:\/\/www.arteliagroup.com\/fr\/prolongement-de-la-chaire-industrielle-oxalia-le-genie-vegetal-au-service-des-structures-hydrauliques\/","title":{"rendered":"Prolongement de la Chaire Industrielle Oxalia : Le g\u00e9nie v\u00e9g\u00e9tal au service des structures hydrauliques"},"content":{"rendered":"\t\t<div data-elementor-type=\"wp-post\" data-elementor-id=\"15831\" class=\"elementor elementor-15831\">\n\t\t\t\t\t\t<section class=\"elementor-section elementor-top-section elementor-element elementor-element-73abda3f elementor-section-full_width elementor-section-height-min-height elementor-section-items-stretch elementor-section-content-middle elementor-reverse-mobile_extra elementor-reverse-mobile width-limit elementor-section-height-default\" data-id=\"73abda3f\" data-element_type=\"section\" data-e-type=\"section\">\n\t\t\t\t\t\t\t<div class=\"elementor-background-overlay\"><\/div>\n\t\t\t\t\t\t\t<div class=\"elementor-container elementor-column-gap-no\">\n\t\t\t\t\t<div class=\"elementor-column elementor-col-50 elementor-top-column elementor-element elementor-element-1fbe3676 padleft0-full\" data-id=\"1fbe3676\" data-element_type=\"column\" data-e-type=\"column\">\n\t\t\t<div class=\"elementor-widget-wrap elementor-element-populated\">\n\t\t\t\t\t\t<div class=\"elementor-element elementor-element-4dcbaeb6 elementor-widget elementor-widget-heading\" data-id=\"4dcbaeb6\" data-element_type=\"widget\" data-e-type=\"widget\" data-widget_type=\"heading.default\">\n\t\t\t\t<div class=\"elementor-widget-container\">\n\t\t\t\t\t<h1 class=\"elementor-heading-title elementor-size-default\">Prolongement de la Chaire Industrielle Oxalia : Le g\u00e9nie\nv\u00e9g\u00e9tal au service des structures hydrauliques <\/h1>\t\t\t\t<\/div>\n\t\t\t\t<\/div>\n\t\t\t\t\t<\/div>\n\t\t<\/div>\n\t\t\t\t<div class=\"elementor-column elementor-col-50 elementor-top-column elementor-element elementor-element-6fcf0c4c\" data-id=\"6fcf0c4c\" data-element_type=\"column\" data-e-type=\"column\" data-settings=\"{&quot;background_background&quot;:&quot;classic&quot;}\">\n\t\t\t<div class=\"elementor-widget-wrap elementor-element-populated\">\n\t\t\t\t\t<div class=\"elementor-background-overlay\"><\/div>\n\t\t\t\t\t\t<div class=\"elementor-element elementor-element-d23f5ab elementor-widget elementor-widget-spacer\" data-id=\"d23f5ab\" data-element_type=\"widget\" data-e-type=\"widget\" data-widget_type=\"spacer.default\">\n\t\t\t\t<div class=\"elementor-widget-container\">\n\t\t\t\t\t\t\t<div class=\"elementor-spacer\">\n\t\t\t<div class=\"elementor-spacer-inner\"><\/div>\n\t\t<\/div>\n\t\t\t\t\t\t<\/div>\n\t\t\t\t<\/div>\n\t\t\t\t\t<\/div>\n\t\t<\/div>\n\t\t\t\t\t<\/div>\n\t\t<\/section>\n\t\t\t\t<section class=\"elementor-section elementor-top-section elementor-element elementor-element-33be0c2d elementor-section-boxed elementor-section-height-default elementor-section-height-default\" data-id=\"33be0c2d\" data-element_type=\"section\" data-e-type=\"section\">\n\t\t\t\t\t\t<div class=\"elementor-container elementor-column-gap-no\">\n\t\t\t\t\t<div class=\"elementor-column elementor-col-100 elementor-top-column elementor-element elementor-element-2bdd40c4\" data-id=\"2bdd40c4\" data-element_type=\"column\" data-e-type=\"column\">\n\t\t\t<div class=\"elementor-widget-wrap elementor-element-populated\">\n\t\t\t\t\t\t<div class=\"elementor-element elementor-element-7a86413f elementor-widget elementor-widget-spacer\" data-id=\"7a86413f\" data-element_type=\"widget\" data-e-type=\"widget\" data-widget_type=\"spacer.default\">\n\t\t\t\t<div class=\"elementor-widget-container\">\n\t\t\t\t\t\t\t<div class=\"elementor-spacer\">\n\t\t\t<div class=\"elementor-spacer-inner\"><\/div>\n\t\t<\/div>\n\t\t\t\t\t\t<\/div>\n\t\t\t\t<\/div>\n\t\t\t\t\t<\/div>\n\t\t<\/div>\n\t\t\t\t\t<\/div>\n\t\t<\/section>\n\t\t\t\t<section class=\"elementor-section elementor-top-section elementor-element elementor-element-42074afb elementor-section-boxed elementor-section-height-default elementor-section-height-default\" data-id=\"42074afb\" data-element_type=\"section\" data-e-type=\"section\">\n\t\t\t\t\t\t<div class=\"elementor-container elementor-column-gap-no\">\n\t\t\t\t\t<div class=\"elementor-column elementor-col-100 elementor-top-column elementor-element elementor-element-6ab339c6\" data-id=\"6ab339c6\" data-element_type=\"column\" data-e-type=\"column\">\n\t\t\t<div class=\"elementor-widget-wrap elementor-element-populated\">\n\t\t\t\t\t\t<div class=\"elementor-element elementor-element-42a60527 elementor-widget elementor-widget-text-editor\" data-id=\"42a60527\" data-element_type=\"widget\" data-e-type=\"widget\" data-widget_type=\"text-editor.default\">\n\t\t\t\t<div class=\"elementor-widget-container\">\n\t\t\t\t\t\t\t\t\t<p>Port\u00e9e par la Fondation Grenoble INP gr\u00e2ce au m\u00e9c\u00e9nat du groupe Artelia, la Chaire d\u2019excellence industrielle Oxalia s&rsquo;engage \u00e0 cr\u00e9er des mod\u00e8les num\u00e9riques innovants permettant de concevoir des structures hydrauliques plus performantes et des solutions pour pr\u00e9venir l\u2019\u00e9rosion des rivi\u00e8res et du littoral. Apr\u00e8s deux ann\u00e9es de fonctionnement, Artelia souhaite en \u00e9largir le projet scientifique en y int\u00e9grant une th\u00e8se sur les ouvrages en g\u00e9nie v\u00e9g\u00e9tal, plus g\u00e9n\u00e9ralement appel\u00e9 solution bas\u00e9e sur la nature, afin de mieux prot\u00e9ger l\u2019affouillement des m\u00e9andres des rivi\u00e8res. Cette th\u00e8se, men\u00e9e par Natacha Fructus, sera encadr\u00e9e au sein de l\u2019unit\u00e9 de Grenoble du centre Lyon-Grenoble-Auvergne-Rh\u00f4ne-Alpes de l\u2019INRAE. Ainsi, le programme de cette chaire, d\u00e9di\u00e9e \u00e0 la conception des structures hydrauliques plus performantes et \u00e0 la protection du littoral, initialement pr\u00e9vu pour une dur\u00e9e de 4 ans, est prolong\u00e9 de 2 ans (2021\/2027).<br \/><br \/><\/p><h3>Innover gr\u00e2ce aux ouvrages de g\u00e9nie v\u00e9g\u00e9tal<\/h3><p>L&rsquo;affouillement, un type particulier d&rsquo;\u00e9rosion, se manifeste par une d\u00e9pression localis\u00e9e du lit de la rivi\u00e8re au niveau des berges ou des infrastructures, par exemple au niveau des piles de ponts. Ce ph\u00e9nom\u00e8ne n&rsquo;est pas seulement observ\u00e9 autour de ces structures, mais il est aussi courant dans les m\u00e9andres des rivi\u00e8res, c&rsquo;est-\u00e0-dire leurs courbures, et se produit sp\u00e9cifiquement sur leurs sections ext\u00e9rieures. Afin de prot\u00e9ger les berges et les infrastructures, des ouvrages de protection sont mis en place. \u00c0 cet \u00e9gard, les ouvrages de g\u00e9nie v\u00e9g\u00e9tal pr\u00e9sentent bien des avantages par rapport aux ouvrages de g\u00e9nie civil : ils favorisent la biodiversit\u00e9, apportent ombrage et fra\u00eecheur, sont souvent plus \u00e9conomiques et peuvent, selon les conditions, \u00eatre m\u00e9caniquement aussi r\u00e9sistants que les ouvrages en g\u00e9nie civil. Cependant, le g\u00e9nie v\u00e9g\u00e9tal p\u00e2tit d\u2019un manque de connaissances en mati\u00e8re de dimensionnement des ouvrages. L\u2019objectif de la th\u00e8se de Natacha Fructus est pr\u00e9cis\u00e9ment de r\u00e9pondre \u00e0 cette question.<\/p>\t\t\t\t\t\t\t\t<\/div>\n\t\t\t\t<\/div>\n\t\t\t\t<div class=\"elementor-element elementor-element-f08cff8 elementor-widget__width-initial elementor-widget elementor-widget-button\" data-id=\"f08cff8\" data-element_type=\"widget\" data-e-type=\"widget\" data-widget_type=\"button.default\">\n\t\t\t\t<div class=\"elementor-widget-container\">\n\t\t\t\t\t\t\t\t\t<div class=\"elementor-button-wrapper\">\n\t\t\t\t\t<a class=\"elementor-button elementor-button-link elementor-size-sm\" href=\"https:\/\/www.arteliagroup.com\/wp-content\/uploads\/2024\/02\/Communique_presse_Artelia_chaire_Oxalia_20240125.pdf\" target=\"_blank\">\n\t\t\t\t\t\t<span class=\"elementor-button-content-wrapper\">\n\t\t\t\t\t\t\t\t\t<span class=\"elementor-button-text\">T\u00e9l\u00e9chargez le communiqu\u00e9 de presse<\/span>\n\t\t\t\t\t<\/span>\n\t\t\t\t\t<\/a>\n\t\t\t\t<\/div>\n\t\t\t\t\t\t\t\t<\/div>\n\t\t\t\t<\/div>\n\t\t\t\t\t<\/div>\n\t\t<\/div>\n\t\t\t\t\t<\/div>\n\t\t<\/section>\n\t\t\t\t<section class=\"elementor-section elementor-top-section elementor-element elementor-element-5a17e56 elementor-section-boxed elementor-section-height-default elementor-section-height-default\" data-id=\"5a17e56\" data-element_type=\"section\" data-e-type=\"section\">\n\t\t\t\t\t\t<div class=\"elementor-container elementor-column-gap-default\">\n\t\t\t\t\t<div class=\"elementor-column elementor-col-100 elementor-top-column elementor-element elementor-element-48cc522\" data-id=\"48cc522\" data-element_type=\"column\" data-e-type=\"column\">\n\t\t\t<div class=\"elementor-widget-wrap elementor-element-populated\">\n\t\t\t\t\t\t<div class=\"elementor-element elementor-element-f31e6a7 elementor-widget elementor-widget-spacer\" data-id=\"f31e6a7\" data-element_type=\"widget\" data-e-type=\"widget\" data-widget_type=\"spacer.default\">\n\t\t\t\t<div class=\"elementor-widget-container\">\n\t\t\t\t\t\t\t<div class=\"elementor-spacer\">\n\t\t\t<div class=\"elementor-spacer-inner\"><\/div>\n\t\t<\/div>\n\t\t\t\t\t\t<\/div>\n\t\t\t\t<\/div>\n\t\t\t\t\t<\/div>\n\t\t<\/div>\n\t\t\t\t\t<\/div>\n\t\t<\/section>\n\t\t\t\t<\/div>\n\t\t","protected":false},"excerpt":{"rendered":"<p>Port\u00e9e par la Fondation Grenoble INP gr\u00e2ce au m\u00e9c\u00e9nat du groupe Artelia<\/p>\n","protected":false},"author":5,"featured_media":15852,"comment_status":"closed","ping_status":"closed","sticky":false,"template":"","format":"standard","meta":{"_acf_changed":false,"inline_featured_image":false,"footnotes":""},"categories":[254],"tags":[],"class_list":["post-15831","post","type-post","status-publish","format-standard","has-post-thumbnail","hentry","category-presse"],"acf":[],"yoast_head":"<!-- This site is optimized with the Yoast SEO plugin v27.5 - https:\/\/yoast.com\/product\/yoast-seo-wordpress\/ -->\n<title>Prolongement de la Chaire Industrielle Oxalia : Le g\u00e9nie v\u00e9g\u00e9tal au service des structures hydrauliques - Artelia Group<\/title>\n<meta name=\"robots\" content=\"index, follow, max-snippet:-1, max-image-preview:large, max-video-preview:-1\" \/>\n<link rel=\"canonical\" href=\"https:\/\/www.arteliagroup.com\/fr\/prolongement-de-la-chaire-industrielle-oxalia-le-genie-vegetal-au-service-des-structures-hydrauliques\/\" \/>\n<meta property=\"og:locale\" content=\"fr_FR\" \/>\n<meta property=\"og:type\" content=\"article\" \/>\n<meta property=\"og:title\" content=\"Prolongement de la Chaire Industrielle Oxalia : Le g\u00e9nie v\u00e9g\u00e9tal au service des structures hydrauliques - Artelia Group\" \/>\n<meta property=\"og:description\" content=\"Port\u00e9e par la Fondation Grenoble INP gr\u00e2ce au m\u00e9c\u00e9nat du groupe Artelia\" \/>\n<meta property=\"og:url\" content=\"https:\/\/www.arteliagroup.com\/fr\/prolongement-de-la-chaire-industrielle-oxalia-le-genie-vegetal-au-service-des-structures-hydrauliques\/\" \/>\n<meta property=\"og:site_name\" content=\"Artelia Group\" \/>\n<meta property=\"article:published_time\" content=\"2024-01-29T09:18:00+00:00\" \/>\n<meta property=\"article:modified_time\" content=\"2024-02-09T09:37:20+00:00\" \/>\n<meta property=\"og:image\" content=\"https:\/\/www.arteliagroup.com\/wp-content\/uploads\/2024\/01\/Communique_presse_Artelia_chaire_Oxalia_20240129.png\" \/>\n\t<meta property=\"og:image:width\" content=\"874\" \/>\n\t<meta property=\"og:image:height\" content=\"384\" \/>\n\t<meta property=\"og:image:type\" content=\"image\/png\" \/>\n<meta name=\"author\" content=\"Emmanuelle Bernard\" \/>\n<meta name=\"twitter:card\" content=\"summary_large_image\" \/>\n<meta name=\"twitter:label1\" content=\"\u00c9crit par\" \/>\n\t<meta name=\"twitter:data1\" content=\"Emmanuelle Bernard\" \/>\n\t<meta name=\"twitter:label2\" content=\"Dur\u00e9e de lecture estim\u00e9e\" \/>\n\t<meta name=\"twitter:data2\" content=\"2 minutes\" \/>\n<script type=\"application\/ld+json\" class=\"yoast-schema-graph\">{\"@context\":\"https:\\\/\\\/schema.org\",\"@graph\":[{\"@type\":\"Article\",\"@id\":\"https:\\\/\\\/www.arteliagroup.com\\\/fr\\\/prolongement-de-la-chaire-industrielle-oxalia-le-genie-vegetal-au-service-des-structures-hydrauliques\\\/#article\",\"isPartOf\":{\"@id\":\"https:\\\/\\\/www.arteliagroup.com\\\/fr\\\/prolongement-de-la-chaire-industrielle-oxalia-le-genie-vegetal-au-service-des-structures-hydrauliques\\\/\"},\"author\":{\"name\":\"Emmanuelle Bernard\",\"@id\":\"https:\\\/\\\/www.arteliagroup.com\\\/#\\\/schema\\\/person\\\/d77b33279b603b740fc8f701c4176a7f\"},\"headline\":\"Prolongement de la Chaire Industrielle Oxalia : Le g\u00e9nie v\u00e9g\u00e9tal au service des structures hydrauliques\",\"datePublished\":\"2024-01-29T09:18:00+00:00\",\"dateModified\":\"2024-02-09T09:37:20+00:00\",\"mainEntityOfPage\":{\"@id\":\"https:\\\/\\\/www.arteliagroup.com\\\/fr\\\/prolongement-de-la-chaire-industrielle-oxalia-le-genie-vegetal-au-service-des-structures-hydrauliques\\\/\"},\"wordCount\":405,\"publisher\":{\"@id\":\"https:\\\/\\\/www.arteliagroup.com\\\/#organization\"},\"image\":{\"@id\":\"https:\\\/\\\/www.arteliagroup.com\\\/fr\\\/prolongement-de-la-chaire-industrielle-oxalia-le-genie-vegetal-au-service-des-structures-hydrauliques\\\/#primaryimage\"},\"thumbnailUrl\":\"https:\\\/\\\/www.arteliagroup.com\\\/wp-content\\\/uploads\\\/2024\\\/01\\\/Communique_presse_Artelia_chaire_Oxalia_20240129.png\",\"articleSection\":[\"Presse\"],\"inLanguage\":\"fr-FR\"},{\"@type\":\"WebPage\",\"@id\":\"https:\\\/\\\/www.arteliagroup.com\\\/fr\\\/prolongement-de-la-chaire-industrielle-oxalia-le-genie-vegetal-au-service-des-structures-hydrauliques\\\/\",\"url\":\"https:\\\/\\\/www.arteliagroup.com\\\/fr\\\/prolongement-de-la-chaire-industrielle-oxalia-le-genie-vegetal-au-service-des-structures-hydrauliques\\\/\",\"name\":\"Prolongement de la Chaire Industrielle Oxalia : Le g\u00e9nie v\u00e9g\u00e9tal au service des structures hydrauliques - Artelia Group\",\"isPartOf\":{\"@id\":\"https:\\\/\\\/www.arteliagroup.com\\\/#website\"},\"primaryImageOfPage\":{\"@id\":\"https:\\\/\\\/www.arteliagroup.com\\\/fr\\\/prolongement-de-la-chaire-industrielle-oxalia-le-genie-vegetal-au-service-des-structures-hydrauliques\\\/#primaryimage\"},\"image\":{\"@id\":\"https:\\\/\\\/www.arteliagroup.com\\\/fr\\\/prolongement-de-la-chaire-industrielle-oxalia-le-genie-vegetal-au-service-des-structures-hydrauliques\\\/#primaryimage\"},\"thumbnailUrl\":\"https:\\\/\\\/www.arteliagroup.com\\\/wp-content\\\/uploads\\\/2024\\\/01\\\/Communique_presse_Artelia_chaire_Oxalia_20240129.png\",\"datePublished\":\"2024-01-29T09:18:00+00:00\",\"dateModified\":\"2024-02-09T09:37:20+00:00\",\"breadcrumb\":{\"@id\":\"https:\\\/\\\/www.arteliagroup.com\\\/fr\\\/prolongement-de-la-chaire-industrielle-oxalia-le-genie-vegetal-au-service-des-structures-hydrauliques\\\/#breadcrumb\"},\"inLanguage\":\"fr-FR\",\"potentialAction\":[{\"@type\":\"ReadAction\",\"target\":[\"https:\\\/\\\/www.arteliagroup.com\\\/fr\\\/prolongement-de-la-chaire-industrielle-oxalia-le-genie-vegetal-au-service-des-structures-hydrauliques\\\/\"]}]},{\"@type\":\"ImageObject\",\"inLanguage\":\"fr-FR\",\"@id\":\"https:\\\/\\\/www.arteliagroup.com\\\/fr\\\/prolongement-de-la-chaire-industrielle-oxalia-le-genie-vegetal-au-service-des-structures-hydrauliques\\\/#primaryimage\",\"url\":\"https:\\\/\\\/www.arteliagroup.com\\\/wp-content\\\/uploads\\\/2024\\\/01\\\/Communique_presse_Artelia_chaire_Oxalia_20240129.png\",\"contentUrl\":\"https:\\\/\\\/www.arteliagroup.com\\\/wp-content\\\/uploads\\\/2024\\\/01\\\/Communique_presse_Artelia_chaire_Oxalia_20240129.png\",\"width\":874,\"height\":384},{\"@type\":\"BreadcrumbList\",\"@id\":\"https:\\\/\\\/www.arteliagroup.com\\\/fr\\\/prolongement-de-la-chaire-industrielle-oxalia-le-genie-vegetal-au-service-des-structures-hydrauliques\\\/#breadcrumb\",\"itemListElement\":[{\"@type\":\"ListItem\",\"position\":1,\"name\":\"Home\",\"item\":\"https:\\\/\\\/www.arteliagroup.com\\\/fr\\\/\"},{\"@type\":\"ListItem\",\"position\":2,\"name\":\"Prolongement de la Chaire Industrielle Oxalia : Le g\u00e9nie v\u00e9g\u00e9tal au service des structures hydrauliques\"}]},{\"@type\":\"WebSite\",\"@id\":\"https:\\\/\\\/www.arteliagroup.com\\\/#website\",\"url\":\"https:\\\/\\\/www.arteliagroup.com\\\/\",\"name\":\"Artelia Group\",\"description\":\"\",\"publisher\":{\"@id\":\"https:\\\/\\\/www.arteliagroup.com\\\/#organization\"},\"potentialAction\":[{\"@type\":\"SearchAction\",\"target\":{\"@type\":\"EntryPoint\",\"urlTemplate\":\"https:\\\/\\\/www.arteliagroup.com\\\/?s={search_term_string}\"},\"query-input\":{\"@type\":\"PropertyValueSpecification\",\"valueRequired\":true,\"valueName\":\"search_term_string\"}}],\"inLanguage\":\"fr-FR\"},{\"@type\":\"Organization\",\"@id\":\"https:\\\/\\\/www.arteliagroup.com\\\/#organization\",\"name\":\"Artelia Group\",\"url\":\"https:\\\/\\\/www.arteliagroup.com\\\/\",\"logo\":{\"@type\":\"ImageObject\",\"inLanguage\":\"fr-FR\",\"@id\":\"https:\\\/\\\/www.arteliagroup.com\\\/#\\\/schema\\\/logo\\\/image\\\/\",\"url\":\"https:\\\/\\\/www.arteliagroup.com\\\/wp-content\\\/uploads\\\/2023\\\/04\\\/logo_ARTELIA_Couleur.png\",\"contentUrl\":\"https:\\\/\\\/www.arteliagroup.com\\\/wp-content\\\/uploads\\\/2023\\\/04\\\/logo_ARTELIA_Couleur.png\",\"width\":303,\"height\":100,\"caption\":\"Artelia Group\"},\"image\":{\"@id\":\"https:\\\/\\\/www.arteliagroup.com\\\/#\\\/schema\\\/logo\\\/image\\\/\"}},{\"@type\":\"Person\",\"@id\":\"https:\\\/\\\/www.arteliagroup.com\\\/#\\\/schema\\\/person\\\/d77b33279b603b740fc8f701c4176a7f\",\"name\":\"Emmanuelle Bernard\",\"image\":{\"@type\":\"ImageObject\",\"inLanguage\":\"fr-FR\",\"@id\":\"https:\\\/\\\/secure.gravatar.com\\\/avatar\\\/d951bf0677274267ce40ab410c8fd676b71bf8df0dfc938440638faf1fc83146?s=96&d=mm&r=g\",\"url\":\"https:\\\/\\\/secure.gravatar.com\\\/avatar\\\/d951bf0677274267ce40ab410c8fd676b71bf8df0dfc938440638faf1fc83146?s=96&d=mm&r=g\",\"contentUrl\":\"https:\\\/\\\/secure.gravatar.com\\\/avatar\\\/d951bf0677274267ce40ab410c8fd676b71bf8df0dfc938440638faf1fc83146?s=96&d=mm&r=g\",\"caption\":\"Emmanuelle Bernard\"}}]}<\/script>\n<!-- \/ Yoast SEO plugin. -->","yoast_head_json":{"title":"Prolongement de la Chaire Industrielle Oxalia : Le g\u00e9nie v\u00e9g\u00e9tal au service des structures hydrauliques - Artelia Group","robots":{"index":"index","follow":"follow","max-snippet":"max-snippet:-1","max-image-preview":"max-image-preview:large","max-video-preview":"max-video-preview:-1"},"canonical":"https:\/\/www.arteliagroup.com\/fr\/prolongement-de-la-chaire-industrielle-oxalia-le-genie-vegetal-au-service-des-structures-hydrauliques\/","og_locale":"fr_FR","og_type":"article","og_title":"Prolongement de la Chaire Industrielle Oxalia : Le g\u00e9nie v\u00e9g\u00e9tal au service des structures hydrauliques - Artelia Group","og_description":"Port\u00e9e par la Fondation Grenoble INP gr\u00e2ce au m\u00e9c\u00e9nat du groupe Artelia","og_url":"https:\/\/www.arteliagroup.com\/fr\/prolongement-de-la-chaire-industrielle-oxalia-le-genie-vegetal-au-service-des-structures-hydrauliques\/","og_site_name":"Artelia Group","article_published_time":"2024-01-29T09:18:00+00:00","article_modified_time":"2024-02-09T09:37:20+00:00","og_image":[{"width":874,"height":384,"url":"https:\/\/www.arteliagroup.com\/wp-content\/uploads\/2024\/01\/Communique_presse_Artelia_chaire_Oxalia_20240129.png","type":"image\/png"}],"author":"Emmanuelle Bernard","twitter_card":"summary_large_image","twitter_misc":{"\u00c9crit par":"Emmanuelle Bernard","Dur\u00e9e de lecture estim\u00e9e":"2 minutes"},"schema":{"@context":"https:\/\/schema.org","@graph":[{"@type":"Article","@id":"https:\/\/www.arteliagroup.com\/fr\/prolongement-de-la-chaire-industrielle-oxalia-le-genie-vegetal-au-service-des-structures-hydrauliques\/#article","isPartOf":{"@id":"https:\/\/www.arteliagroup.com\/fr\/prolongement-de-la-chaire-industrielle-oxalia-le-genie-vegetal-au-service-des-structures-hydrauliques\/"},"author":{"name":"Emmanuelle Bernard","@id":"https:\/\/www.arteliagroup.com\/#\/schema\/person\/d77b33279b603b740fc8f701c4176a7f"},"headline":"Prolongement de la Chaire Industrielle Oxalia : Le g\u00e9nie v\u00e9g\u00e9tal au service des structures hydrauliques","datePublished":"2024-01-29T09:18:00+00:00","dateModified":"2024-02-09T09:37:20+00:00","mainEntityOfPage":{"@id":"https:\/\/www.arteliagroup.com\/fr\/prolongement-de-la-chaire-industrielle-oxalia-le-genie-vegetal-au-service-des-structures-hydrauliques\/"},"wordCount":405,"publisher":{"@id":"https:\/\/www.arteliagroup.com\/#organization"},"image":{"@id":"https:\/\/www.arteliagroup.com\/fr\/prolongement-de-la-chaire-industrielle-oxalia-le-genie-vegetal-au-service-des-structures-hydrauliques\/#primaryimage"},"thumbnailUrl":"https:\/\/www.arteliagroup.com\/wp-content\/uploads\/2024\/01\/Communique_presse_Artelia_chaire_Oxalia_20240129.png","articleSection":["Presse"],"inLanguage":"fr-FR"},{"@type":"WebPage","@id":"https:\/\/www.arteliagroup.com\/fr\/prolongement-de-la-chaire-industrielle-oxalia-le-genie-vegetal-au-service-des-structures-hydrauliques\/","url":"https:\/\/www.arteliagroup.com\/fr\/prolongement-de-la-chaire-industrielle-oxalia-le-genie-vegetal-au-service-des-structures-hydrauliques\/","name":"Prolongement de la Chaire Industrielle Oxalia : Le g\u00e9nie v\u00e9g\u00e9tal au service des structures hydrauliques - Artelia Group","isPartOf":{"@id":"https:\/\/www.arteliagroup.com\/#website"},"primaryImageOfPage":{"@id":"https:\/\/www.arteliagroup.com\/fr\/prolongement-de-la-chaire-industrielle-oxalia-le-genie-vegetal-au-service-des-structures-hydrauliques\/#primaryimage"},"image":{"@id":"https:\/\/www.arteliagroup.com\/fr\/prolongement-de-la-chaire-industrielle-oxalia-le-genie-vegetal-au-service-des-structures-hydrauliques\/#primaryimage"},"thumbnailUrl":"https:\/\/www.arteliagroup.com\/wp-content\/uploads\/2024\/01\/Communique_presse_Artelia_chaire_Oxalia_20240129.png","datePublished":"2024-01-29T09:18:00+00:00","dateModified":"2024-02-09T09:37:20+00:00","breadcrumb":{"@id":"https:\/\/www.arteliagroup.com\/fr\/prolongement-de-la-chaire-industrielle-oxalia-le-genie-vegetal-au-service-des-structures-hydrauliques\/#breadcrumb"},"inLanguage":"fr-FR","potentialAction":[{"@type":"ReadAction","target":["https:\/\/www.arteliagroup.com\/fr\/prolongement-de-la-chaire-industrielle-oxalia-le-genie-vegetal-au-service-des-structures-hydrauliques\/"]}]},{"@type":"ImageObject","inLanguage":"fr-FR","@id":"https:\/\/www.arteliagroup.com\/fr\/prolongement-de-la-chaire-industrielle-oxalia-le-genie-vegetal-au-service-des-structures-hydrauliques\/#primaryimage","url":"https:\/\/www.arteliagroup.com\/wp-content\/uploads\/2024\/01\/Communique_presse_Artelia_chaire_Oxalia_20240129.png","contentUrl":"https:\/\/www.arteliagroup.com\/wp-content\/uploads\/2024\/01\/Communique_presse_Artelia_chaire_Oxalia_20240129.png","width":874,"height":384},{"@type":"BreadcrumbList","@id":"https:\/\/www.arteliagroup.com\/fr\/prolongement-de-la-chaire-industrielle-oxalia-le-genie-vegetal-au-service-des-structures-hydrauliques\/#breadcrumb","itemListElement":[{"@type":"ListItem","position":1,"name":"Home","item":"https:\/\/www.arteliagroup.com\/fr\/"},{"@type":"ListItem","position":2,"name":"Prolongement de la Chaire Industrielle Oxalia : Le g\u00e9nie v\u00e9g\u00e9tal au service des structures hydrauliques"}]},{"@type":"WebSite","@id":"https:\/\/www.arteliagroup.com\/#website","url":"https:\/\/www.arteliagroup.com\/","name":"Artelia Group","description":"","publisher":{"@id":"https:\/\/www.arteliagroup.com\/#organization"},"potentialAction":[{"@type":"SearchAction","target":{"@type":"EntryPoint","urlTemplate":"https:\/\/www.arteliagroup.com\/?s={search_term_string}"},"query-input":{"@type":"PropertyValueSpecification","valueRequired":true,"valueName":"search_term_string"}}],"inLanguage":"fr-FR"},{"@type":"Organization","@id":"https:\/\/www.arteliagroup.com\/#organization","name":"Artelia Group","url":"https:\/\/www.arteliagroup.com\/","logo":{"@type":"ImageObject","inLanguage":"fr-FR","@id":"https:\/\/www.arteliagroup.com\/#\/schema\/logo\/image\/","url":"https:\/\/www.arteliagroup.com\/wp-content\/uploads\/2023\/04\/logo_ARTELIA_Couleur.png","contentUrl":"https:\/\/www.arteliagroup.com\/wp-content\/uploads\/2023\/04\/logo_ARTELIA_Couleur.png","width":303,"height":100,"caption":"Artelia Group"},"image":{"@id":"https:\/\/www.arteliagroup.com\/#\/schema\/logo\/image\/"}},{"@type":"Person","@id":"https:\/\/www.arteliagroup.com\/#\/schema\/person\/d77b33279b603b740fc8f701c4176a7f","name":"Emmanuelle Bernard","image":{"@type":"ImageObject","inLanguage":"fr-FR","@id":"https:\/\/secure.gravatar.com\/avatar\/d951bf0677274267ce40ab410c8fd676b71bf8df0dfc938440638faf1fc83146?s=96&d=mm&r=g","url":"https:\/\/secure.gravatar.com\/avatar\/d951bf0677274267ce40ab410c8fd676b71bf8df0dfc938440638faf1fc83146?s=96&d=mm&r=g","contentUrl":"https:\/\/secure.gravatar.com\/avatar\/d951bf0677274267ce40ab410c8fd676b71bf8df0dfc938440638faf1fc83146?s=96&d=mm&r=g","caption":"Emmanuelle Bernard"}}]}},"_links":{"self":[{"href":"https:\/\/www.arteliagroup.com\/fr\/wp-json\/wp\/v2\/posts\/15831","targetHints":{"allow":["GET"]}}],"collection":[{"href":"https:\/\/www.arteliagroup.com\/fr\/wp-json\/wp\/v2\/posts"}],"about":[{"href":"https:\/\/www.arteliagroup.com\/fr\/wp-json\/wp\/v2\/types\/post"}],"author":[{"embeddable":true,"href":"https:\/\/www.arteliagroup.com\/fr\/wp-json\/wp\/v2\/users\/5"}],"replies":[{"embeddable":true,"href":"https:\/\/www.arteliagroup.com\/fr\/wp-json\/wp\/v2\/comments?post=15831"}],"version-history":[{"count":0,"href":"https:\/\/www.arteliagroup.com\/fr\/wp-json\/wp\/v2\/posts\/15831\/revisions"}],"wp:featuredmedia":[{"embeddable":true,"href":"https:\/\/www.arteliagroup.com\/fr\/wp-json\/wp\/v2\/media\/15852"}],"wp:attachment":[{"href":"https:\/\/www.arteliagroup.com\/fr\/wp-json\/wp\/v2\/media?parent=15831"}],"wp:term":[{"taxonomy":"category","embeddable":true,"href":"https:\/\/www.arteliagroup.com\/fr\/wp-json\/wp\/v2\/categories?post=15831"},{"taxonomy":"post_tag","embeddable":true,"href":"https:\/\/www.arteliagroup.com\/fr\/wp-json\/wp\/v2\/tags?post=15831"}],"curies":[{"name":"wp","href":"https:\/\/api.w.org\/{rel}","templated":true}]}}