{"id":26632,"date":"2026-09-02T17:23:25","date_gmt":"2026-09-02T15:23:25","guid":{"rendered":"https:\/\/www.arteliagroup.com\/?p=26632"},"modified":"2026-09-02T17:36:48","modified_gmt":"2026-09-02T15:36:48","slug":"artelia-publie-son-rapport-de-durabilite-2025","status":"publish","type":"post","link":"https:\/\/www.arteliagroup.com\/fr\/artelia-publie-son-rapport-de-durabilite-2025\/","title":{"rendered":"Artelia publie son Rapport de durabilit\u00e9 2025"},"content":{"rendered":"\t\t<div data-elementor-type=\"wp-post\" data-elementor-id=\"26632\" class=\"elementor elementor-26632 elementor-26627\">\n\t\t\t\t\t\t<section class=\"elementor-section elementor-top-section elementor-element elementor-element-3a5406ad elementor-section-full_width elementor-section-height-min-height elementor-section-items-stretch elementor-section-content-middle elementor-reverse-mobile_extra elementor-reverse-mobile width-limit elementor-section-height-default\" data-id=\"3a5406ad\" data-element_type=\"section\" data-e-type=\"section\">\n\t\t\t\t\t\t\t<div class=\"elementor-background-overlay\"><\/div>\n\t\t\t\t\t\t\t<div class=\"elementor-container elementor-column-gap-no\">\n\t\t\t\t\t<div class=\"elementor-column elementor-col-50 elementor-top-column elementor-element elementor-element-1a44759f padleft0-full\" data-id=\"1a44759f\" data-element_type=\"column\" data-e-type=\"column\">\n\t\t\t<div class=\"elementor-widget-wrap elementor-element-populated\">\n\t\t\t\t\t\t<div class=\"elementor-element elementor-element-3eadcb17 elementor-widget elementor-widget-heading\" data-id=\"3eadcb17\" data-element_type=\"widget\" data-e-type=\"widget\" data-widget_type=\"heading.default\">\n\t\t\t\t<div class=\"elementor-widget-container\">\n\t\t\t\t\t<h1 class=\"elementor-heading-title elementor-size-default\"><span data-teams=\"true\">Artelia publie son Rapport de durabilit\u00e9 2025<\/span><\/h1>\t\t\t\t<\/div>\n\t\t\t\t<\/div>\n\t\t\t\t\t<\/div>\n\t\t<\/div>\n\t\t\t\t<div class=\"elementor-column elementor-col-50 elementor-top-column elementor-element elementor-element-4e72edd8\" data-id=\"4e72edd8\" data-element_type=\"column\" data-e-type=\"column\" data-settings=\"{&quot;background_background&quot;:&quot;classic&quot;}\">\n\t\t\t<div class=\"elementor-widget-wrap elementor-element-populated\">\n\t\t\t\t\t<div class=\"elementor-background-overlay\"><\/div>\n\t\t\t\t\t\t<div class=\"elementor-element elementor-element-48b9ff8e elementor-widget elementor-widget-spacer\" data-id=\"48b9ff8e\" data-element_type=\"widget\" data-e-type=\"widget\" data-widget_type=\"spacer.default\">\n\t\t\t\t<div class=\"elementor-widget-container\">\n\t\t\t\t\t\t\t<div class=\"elementor-spacer\">\n\t\t\t<div class=\"elementor-spacer-inner\"><\/div>\n\t\t<\/div>\n\t\t\t\t\t\t<\/div>\n\t\t\t\t<\/div>\n\t\t\t\t\t<\/div>\n\t\t<\/div>\n\t\t\t\t\t<\/div>\n\t\t<\/section>\n\t\t\t\t<section class=\"elementor-section elementor-top-section elementor-element elementor-element-38e0d0d8 elementor-section-boxed elementor-section-height-default elementor-section-height-default\" data-id=\"38e0d0d8\" data-element_type=\"section\" data-e-type=\"section\">\n\t\t\t\t\t\t<div class=\"elementor-container elementor-column-gap-no\">\n\t\t\t\t\t<div class=\"elementor-column elementor-col-100 elementor-top-column elementor-element elementor-element-30090212\" data-id=\"30090212\" data-element_type=\"column\" data-e-type=\"column\">\n\t\t\t<div class=\"elementor-widget-wrap elementor-element-populated\">\n\t\t\t\t\t\t<div class=\"elementor-element elementor-element-2dd1e2c3 elementor-widget__width-initial elementor-widget elementor-widget-spacer\" data-id=\"2dd1e2c3\" data-element_type=\"widget\" data-e-type=\"widget\" data-widget_type=\"spacer.default\">\n\t\t\t\t<div class=\"elementor-widget-container\">\n\t\t\t\t\t\t\t<div class=\"elementor-spacer\">\n\t\t\t<div class=\"elementor-spacer-inner\"><\/div>\n\t\t<\/div>\n\t\t\t\t\t\t<\/div>\n\t\t\t\t<\/div>\n\t\t\t\t\t<\/div>\n\t\t<\/div>\n\t\t\t\t\t<\/div>\n\t\t<\/section>\n\t\t\t\t<section class=\"elementor-section elementor-top-section elementor-element elementor-element-7e771022 elementor-section-boxed elementor-section-height-default elementor-section-height-default\" data-id=\"7e771022\" data-element_type=\"section\" data-e-type=\"section\">\n\t\t\t\t\t\t<div class=\"elementor-container elementor-column-gap-no\">\n\t\t\t\t\t<div class=\"elementor-column elementor-col-100 elementor-top-column elementor-element elementor-element-7a7c550\" data-id=\"7a7c550\" data-element_type=\"column\" data-e-type=\"column\">\n\t\t\t<div class=\"elementor-widget-wrap elementor-element-populated\">\n\t\t\t\t\t\t<div class=\"elementor-element elementor-element-39db2f47 elementor-widget elementor-widget-text-editor\" data-id=\"39db2f47\" data-element_type=\"widget\" data-e-type=\"widget\" data-widget_type=\"text-editor.default\">\n\t\t\t\t<div class=\"elementor-widget-container\">\n\t\t\t\t\t\t\t\t\t<div class=\"x_elementToProof\" data-olk-copy-source=\"MessageBody\"><p><span data-contrast=\"auto\">Ce rapport, anciennement appel\u00e9 <\/span><i><span data-contrast=\"auto\">Rapport de Performance Extra-Financi\u00e8re<\/span><\/i><span data-contrast=\"auto\">, a \u00e9volu\u00e9 dans sa forme et sa structure. Ce changement s&rsquo;inscrit dans une <\/span><b><span data-contrast=\"auto\">d\u00e9marche progressive de mise en conformit\u00e9 avec la CSRD<\/span><\/b><span data-contrast=\"auto\"> (Corporate Sustainability Reporting Directive ou Directive europ\u00e9enne sur le reporting de durabilit\u00e9), \u00e0 laquelle le Groupe sera assujetti \u00e0 compter de l&rsquo;exercice 2027, avec une publication pr\u00e9vue en 2028. Plut\u00f4t que d&rsquo;attendre l&rsquo;\u00e9ch\u00e9ance r\u00e9glementaire, <\/span><b><span data-contrast=\"auto\">nous avons fait le choix d&rsquo;anticiper cette transition<\/span><\/b><span data-contrast=\"auto\">\u202f: cette \u00e9dition 2025 constitue ainsi une nouvelle \u00e9tape de ce chantier, avant une bascule compl\u00e8te vers un format pleinement conforme d&rsquo;ici 2027-2028.<\/span><span data-ccp-props=\"{}\">\u00a0<\/span><\/p><p><span data-contrast=\"auto\">Ce rapport refl\u00e8te notre engagement continu en mati\u00e8re de <\/span><b><span data-contrast=\"auto\">responsabilit\u00e9 environnementale, sociale et de gouvernance<\/span><\/b><span data-contrast=\"auto\">, et t\u00e9moigne de la volont\u00e9 du Groupe de renforcer, ann\u00e9e apr\u00e8s ann\u00e9e, la <\/span><b><span data-contrast=\"auto\">transparence et la fiabilit\u00e9 de ses donn\u00e9es ESG<\/span><\/b><span data-contrast=\"auto\">.\u00a0<\/span><span data-ccp-props=\"{}\">\u00a0<\/span><\/p><p><span data-contrast=\"auto\">Cette \u00e9dition 2025 est \u00e9galement l&rsquo;occasion de dresser le <\/span><b><span data-contrast=\"auto\">bilan de notre politique RSE 2020-2025<\/span><\/b><span data-contrast=\"auto\">, en revenant sur les engagements pris et les r\u00e9sultats obtenus au cours de ces cinq derni\u00e8res ann\u00e9es. Le bilan de la politique RSE 2020-2025 fait appara\u00eetre des r\u00e9sultats globalement positifs, avec plusieurs objectifs atteints ou en bonne voie\u202f:\u00a0<\/span><span data-ccp-props=\"{}\">\u00a0<\/span><\/p><ul><li aria-setsize=\"-1\" data-leveltext=\"\uf0b7\" data-font=\"Symbol\" data-listid=\"1\" data-list-defn-props=\"{&quot;335552541&quot;:1,&quot;335559685&quot;:360,&quot;335559991&quot;:360,&quot;469769226&quot;:&quot;Symbol&quot;,&quot;469769242&quot;:[8226],&quot;469777803&quot;:&quot;left&quot;,&quot;469777804&quot;:&quot;\uf0b7&quot;,&quot;469777815&quot;:&quot;hybridMultilevel&quot;}\" data-aria-posinset=\"1\" data-aria-level=\"1\"><b><span data-contrast=\"auto\">Gouvernance<\/span><\/b><span data-contrast=\"auto\">\u202f: les objectifs li\u00e9s au partage de la valeur et l&rsquo;actionnariat salari\u00e9 aupr\u00e8s des moins de 45 ans ont \u00e9t\u00e9 atteints, l&rsquo;int\u00e9gration ESG dans les offres strat\u00e9giques progresse, tandis que les achats responsables se structurent progressivement.\u00a0<\/span><span data-ccp-props=\"{}\">\u00a0<\/span><\/li><\/ul><ul><li aria-setsize=\"-1\" data-leveltext=\"\uf0b7\" data-font=\"Symbol\" data-listid=\"1\" data-list-defn-props=\"{&quot;335552541&quot;:1,&quot;335559685&quot;:360,&quot;335559991&quot;:360,&quot;469769226&quot;:&quot;Symbol&quot;,&quot;469769242&quot;:[8226],&quot;469777803&quot;:&quot;left&quot;,&quot;469777804&quot;:&quot;\uf0b7&quot;,&quot;469777815&quot;:&quot;hybridMultilevel&quot;}\" data-aria-posinset=\"2\" data-aria-level=\"1\"><b><span data-contrast=\"auto\">Environnement <\/span><\/b><span data-contrast=\"auto\">: l&#8217;empreinte carbone diminue sur les scopes 1 et 2 (-6,4%) malgr\u00e9 une l\u00e9g\u00e8re hausse du scope 3 (+1,98%), et la formation \u00e0 l&rsquo;\u00e9coconception \u00e9volue vers un dispositif plus ambitieux (TRACE).\u00a0<\/span><span data-ccp-props=\"{}\">\u00a0<\/span><\/li><\/ul><ul><li aria-setsize=\"-1\" data-leveltext=\"\uf0b7\" data-font=\"Symbol\" data-listid=\"1\" data-list-defn-props=\"{&quot;335552541&quot;:1,&quot;335559685&quot;:360,&quot;335559991&quot;:360,&quot;469769226&quot;:&quot;Symbol&quot;,&quot;469769242&quot;:[8226],&quot;469777803&quot;:&quot;left&quot;,&quot;469777804&quot;:&quot;\uf0b7&quot;,&quot;469777815&quot;:&quot;hybridMultilevel&quot;}\" data-aria-posinset=\"3\" data-aria-level=\"1\"><b><span data-contrast=\"auto\">Social<\/span><\/b><span data-contrast=\"auto\">\u202f: l&rsquo;objectif s\u00e9curit\u00e9 est atteint, la mixit\u00e9 progresse dans le management, et l&rsquo;engagement et le bien-\u00eatre des collaborateurs font l&rsquo;objet d&rsquo;une attention particuli\u00e8re et de plans d&rsquo;am\u00e9lioration.\u00a0<\/span><span data-ccp-props=\"{}\">\u00a0<\/span><\/li><\/ul><ul><li aria-setsize=\"-1\" data-leveltext=\"\uf0b7\" data-font=\"Symbol\" data-listid=\"1\" data-list-defn-props=\"{&quot;335552541&quot;:1,&quot;335559685&quot;:360,&quot;335559991&quot;:360,&quot;469769226&quot;:&quot;Symbol&quot;,&quot;469769242&quot;:[8226],&quot;469777803&quot;:&quot;left&quot;,&quot;469777804&quot;:&quot;\uf0b7&quot;,&quot;469777815&quot;:&quot;hybridMultilevel&quot;}\" data-aria-posinset=\"4\" data-aria-level=\"1\"><b><span data-contrast=\"auto\">Engagement citoyen et solidaire<\/span><\/b><span data-contrast=\"auto\">\u202f: la Fondation Artelia d\u00e9passe ses objectifs de m\u00e9c\u00e9nat de comp\u00e9tences (600 jours) et les partenariats acad\u00e9miques se d\u00e9veloppent, portant le Groupe vers de nouvelles ambitions \u00e0 horizon 2030.<\/span><span data-ccp-props=\"{}\">\u00a0<\/span><\/li><\/ul><p><span data-contrast=\"auto\"><br \/>Ce rapport 2025 marque par ailleurs le point de d\u00e9part d&rsquo;une <\/span><b><span data-contrast=\"auto\">nouvelle trajectoire<\/span><\/b><span data-contrast=\"auto\">, \u00e0 l\u2019horizon 2030, avec la <\/span><b><span data-contrast=\"auto\">d\u00e9finition de nouveaux objectifs<\/span><\/b><span data-contrast=\"auto\"> qui viendront structurer notre feuille de route en mati\u00e8re de durabilit\u00e9 pour les ann\u00e9es \u00e0 venir.<\/span><span data-ccp-props=\"{}\">\u00a0<\/span><\/p><\/div>\t\t\t\t\t\t\t\t<\/div>\n\t\t\t\t<\/div>\n\t\t\t\t\t<\/div>\n\t\t<\/div>\n\t\t\t\t\t<\/div>\n\t\t<\/section>\n\t\t\t\t<section class=\"elementor-section elementor-top-section elementor-element elementor-element-0bbd878 elementor-section-boxed elementor-section-height-default elementor-section-height-default\" data-id=\"0bbd878\" data-element_type=\"section\" data-e-type=\"section\">\n\t\t\t\t\t\t<div class=\"elementor-container elementor-column-gap-default\">\n\t\t\t\t\t<div class=\"elementor-column elementor-col-100 elementor-top-column elementor-element elementor-element-8a50620\" data-id=\"8a50620\" data-element_type=\"column\" data-e-type=\"column\">\n\t\t\t<div class=\"elementor-widget-wrap elementor-element-populated\">\n\t\t\t\t\t\t<div class=\"elementor-element elementor-element-d2a438d elementor-widget elementor-widget-spacer\" data-id=\"d2a438d\" data-element_type=\"widget\" data-e-type=\"widget\" data-widget_type=\"spacer.default\">\n\t\t\t\t<div class=\"elementor-widget-container\">\n\t\t\t\t\t\t\t<div class=\"elementor-spacer\">\n\t\t\t<div class=\"elementor-spacer-inner\"><\/div>\n\t\t<\/div>\n\t\t\t\t\t\t<\/div>\n\t\t\t\t<\/div>\n\t\t\t\t\t<\/div>\n\t\t<\/div>\n\t\t\t\t\t<\/div>\n\t\t<\/section>\n\t\t\t\t<section class=\"elementor-section elementor-top-section elementor-element elementor-element-c2dd372 elementor-section-boxed elementor-section-height-default elementor-section-height-default\" data-id=\"c2dd372\" data-element_type=\"section\" data-e-type=\"section\">\n\t\t\t\t\t\t<div class=\"elementor-container elementor-column-gap-default\">\n\t\t\t\t\t<div class=\"elementor-column elementor-col-100 elementor-top-column elementor-element elementor-element-46c52ba\" data-id=\"46c52ba\" data-element_type=\"column\" data-e-type=\"column\">\n\t\t\t<div class=\"elementor-widget-wrap elementor-element-populated\">\n\t\t\t\t\t\t<div class=\"elementor-element elementor-element-e465d93 elementor-widget elementor-widget-button\" data-id=\"e465d93\" data-element_type=\"widget\" data-e-type=\"widget\" data-widget_type=\"button.default\">\n\t\t\t\t<div class=\"elementor-widget-container\">\n\t\t\t\t\t\t\t\t\t<div class=\"elementor-button-wrapper\">\n\t\t\t\t\t<a class=\"elementor-button elementor-button-link elementor-size-sm\" href=\"https:\/\/www.arteliagroup.com\/wp-content\/uploads\/2026\/09\/artelia_Rapport-de-durabilite_2025_01_09_26_FR-3.pdf\" target=\"_blank\">\n\t\t\t\t\t\t<span class=\"elementor-button-content-wrapper\">\n\t\t\t\t\t\t\t\t\t<span class=\"elementor-button-text\">Rapport de durabilit\u00e9 2025<\/span>\n\t\t\t\t\t<\/span>\n\t\t\t\t\t<\/a>\n\t\t\t\t<\/div>\n\t\t\t\t\t\t\t\t<\/div>\n\t\t\t\t<\/div>\n\t\t\t\t\t<\/div>\n\t\t<\/div>\n\t\t\t\t\t<\/div>\n\t\t<\/section>\n\t\t\t\t<section class=\"elementor-section elementor-top-section elementor-element elementor-element-31e6a3e3 elementor-section-boxed elementor-section-height-default elementor-section-height-default\" data-id=\"31e6a3e3\" data-element_type=\"section\" data-e-type=\"section\">\n\t\t\t\t\t\t<div class=\"elementor-container elementor-column-gap-default\">\n\t\t\t\t\t<div class=\"elementor-column elementor-col-100 elementor-top-column elementor-element elementor-element-661a699d\" data-id=\"661a699d\" data-element_type=\"column\" data-e-type=\"column\">\n\t\t\t<div class=\"elementor-widget-wrap elementor-element-populated\">\n\t\t\t\t\t\t<div class=\"elementor-element elementor-element-48d4397a elementor-widget elementor-widget-spacer\" data-id=\"48d4397a\" data-element_type=\"widget\" data-e-type=\"widget\" data-widget_type=\"spacer.default\">\n\t\t\t\t<div class=\"elementor-widget-container\">\n\t\t\t\t\t\t\t<div class=\"elementor-spacer\">\n\t\t\t<div class=\"elementor-spacer-inner\"><\/div>\n\t\t<\/div>\n\t\t\t\t\t\t<\/div>\n\t\t\t\t<\/div>\n\t\t\t\t\t<\/div>\n\t\t<\/div>\n\t\t\t\t\t<\/div>\n\t\t<\/section>\n\t\t\t\t<\/div>\n\t\t","protected":false},"excerpt":{"rendered":"<p>Ce rapport refl\u00e8te notre engagement continu en mati\u00e8re de responsabilit\u00e9 environnementale, sociale et de gouvernance, et t\u00e9moigne de la volont\u00e9 du Groupe de renforcer, ann\u00e9e apr\u00e8s ann\u00e9e, la transparence et la fiabilit\u00e9 de ses donn\u00e9es ESG.  <\/p>\n","protected":false},"author":7,"featured_media":26629,"comment_status":"closed","ping_status":"open","sticky":false,"template":"","format":"standard","meta":{"_acf_changed":false,"inline_featured_image":false,"footnotes":""},"categories":[15,251,250,16],"tags":[],"class_list":["post-26632","post","type-post","status-publish","format-standard","has-post-thumbnail","hentry","category-communication","category-communication-fr","category-evenement","category-event"],"acf":[],"yoast_head":"<!-- This site is optimized with the Yoast SEO plugin v28.4 - https:\/\/yoast.com\/product\/yoast-seo-wordpress\/ -->\n<title>Artelia publie son Rapport de durabilit\u00e9 2025 - Artelia Group<\/title>\n<meta name=\"description\" content=\"Ce rapport refl\u00e8te notre engagement continu en mati\u00e8re de responsabilit\u00e9 environnementale, sociale et de gouvernance, et t\u00e9moigne de la volont\u00e9 du Groupe de renforcer, ann\u00e9e apr\u00e8s ann\u00e9e, la transparence et la fiabilit\u00e9 de ses donn\u00e9es ESG.\" \/>\n<meta name=\"robots\" content=\"index, follow, max-snippet:-1, max-image-preview:large, max-video-preview:-1\" \/>\n<link rel=\"canonical\" href=\"https:\/\/www.arteliagroup.com\/fr\/artelia-publie-son-rapport-de-durabilite-2025\/\" \/>\n<meta property=\"og:locale\" content=\"fr_FR\" \/>\n<meta property=\"og:type\" content=\"article\" \/>\n<meta property=\"og:title\" content=\"Artelia publie son Rapport de durabilit\u00e9 2025\" \/>\n<meta property=\"og:description\" content=\"Ce rapport refl\u00e8te notre engagement continu en mati\u00e8re de responsabilit\u00e9 environnementale, sociale et de gouvernance, et t\u00e9moigne de la volont\u00e9 du Groupe de renforcer, ann\u00e9e apr\u00e8s ann\u00e9e, la transparence et la fiabilit\u00e9 de ses donn\u00e9es ESG.\" \/>\n<meta property=\"og:url\" content=\"https:\/\/www.arteliagroup.com\/fr\/artelia-publie-son-rapport-de-durabilite-2025\/\" \/>\n<meta property=\"og:site_name\" content=\"Artelia Group\" \/>\n<meta property=\"article:published_time\" content=\"2026-09-02T15:23:25+00:00\" \/>\n<meta property=\"article:modified_time\" content=\"2026-09-02T15:36:48+00:00\" \/>\n<meta property=\"og:image\" content=\"https:\/\/www.arteliagroup.com\/wp-content\/uploads\/2026\/09\/mokcup-Rapport-de-durabilite-EN-FR-1-1024x432.jpg\" \/>\n\t<meta property=\"og:image:width\" content=\"1024\" \/>\n\t<meta property=\"og:image:height\" content=\"432\" \/>\n\t<meta property=\"og:image:type\" content=\"image\/jpeg\" \/>\n<meta name=\"author\" content=\"Thomas Rivi\u00e8re\" \/>\n<meta name=\"twitter:card\" content=\"summary_large_image\" \/>\n<meta name=\"twitter:title\" content=\"Artelia publie son Rapport de durabilit\u00e9 2025\" \/>\n<meta name=\"twitter:description\" content=\"Ce rapport refl\u00e8te notre engagement continu en mati\u00e8re de responsabilit\u00e9 environnementale, sociale et de gouvernance, et t\u00e9moigne de la volont\u00e9 du Groupe de renforcer, ann\u00e9e apr\u00e8s ann\u00e9e, la transparence et la fiabilit\u00e9 de ses donn\u00e9es ESG.\" \/>\n<meta name=\"twitter:image\" content=\"https:\/\/www.arteliagroup.com\/wp-content\/uploads\/2026\/09\/mokcup-Rapport-de-durabilite-EN-FR-1.jpg\" \/>\n<meta name=\"twitter:label1\" content=\"\u00c9crit par\" \/>\n\t<meta name=\"twitter:data1\" content=\"Thomas Rivi\u00e8re\" \/>\n\t<meta name=\"twitter:label2\" content=\"Dur\u00e9e de lecture estim\u00e9e\" \/>\n\t<meta name=\"twitter:data2\" content=\"2 minutes\" \/>\n<script type=\"application\/ld+json\" class=\"yoast-schema-graph\">{\"@context\":\"https:\\\/\\\/schema.org\",\"@graph\":[{\"@type\":\"Article\",\"@id\":\"https:\\\/\\\/www.arteliagroup.com\\\/fr\\\/artelia-publie-son-rapport-de-durabilite-2025\\\/#article\",\"isPartOf\":{\"@id\":\"https:\\\/\\\/www.arteliagroup.com\\\/fr\\\/artelia-publie-son-rapport-de-durabilite-2025\\\/\"},\"author\":{\"name\":\"Thomas Rivi\u00e8re\",\"@id\":\"https:\\\/\\\/www.arteliagroup.com\\\/#\\\/schema\\\/person\\\/28b0dd40772b3fef951e47f4d6625857\"},\"headline\":\"Artelia publie son Rapport de durabilit\u00e9 2025\",\"datePublished\":\"2026-09-02T15:23:25+00:00\",\"dateModified\":\"2026-09-02T15:36:48+00:00\",\"mainEntityOfPage\":{\"@id\":\"https:\\\/\\\/www.arteliagroup.com\\\/fr\\\/artelia-publie-son-rapport-de-durabilite-2025\\\/\"},\"wordCount\":401,\"publisher\":{\"@id\":\"https:\\\/\\\/www.arteliagroup.com\\\/#organization\"},\"image\":{\"@id\":\"https:\\\/\\\/www.arteliagroup.com\\\/fr\\\/artelia-publie-son-rapport-de-durabilite-2025\\\/#primaryimage\"},\"thumbnailUrl\":\"https:\\\/\\\/www.arteliagroup.com\\\/wp-content\\\/uploads\\\/2026\\\/09\\\/mokcup-Rapport-de-durabilite-EN-FR-1.jpg\",\"articleSection\":[\"Communication\",\"Communication\",\"Ev\u00e9nement\",\"Event\"],\"inLanguage\":\"fr-FR\"},{\"@type\":\"WebPage\",\"@id\":\"https:\\\/\\\/www.arteliagroup.com\\\/fr\\\/artelia-publie-son-rapport-de-durabilite-2025\\\/\",\"url\":\"https:\\\/\\\/www.arteliagroup.com\\\/fr\\\/artelia-publie-son-rapport-de-durabilite-2025\\\/\",\"name\":\"Artelia publie son Rapport de durabilit\u00e9 2025 - Artelia Group\",\"isPartOf\":{\"@id\":\"https:\\\/\\\/www.arteliagroup.com\\\/#website\"},\"primaryImageOfPage\":{\"@id\":\"https:\\\/\\\/www.arteliagroup.com\\\/fr\\\/artelia-publie-son-rapport-de-durabilite-2025\\\/#primaryimage\"},\"image\":{\"@id\":\"https:\\\/\\\/www.arteliagroup.com\\\/fr\\\/artelia-publie-son-rapport-de-durabilite-2025\\\/#primaryimage\"},\"thumbnailUrl\":\"https:\\\/\\\/www.arteliagroup.com\\\/wp-content\\\/uploads\\\/2026\\\/09\\\/mokcup-Rapport-de-durabilite-EN-FR-1.jpg\",\"datePublished\":\"2026-09-02T15:23:25+00:00\",\"dateModified\":\"2026-09-02T15:36:48+00:00\",\"description\":\"Ce rapport refl\u00e8te notre engagement continu en mati\u00e8re de responsabilit\u00e9 environnementale, sociale et de gouvernance, et t\u00e9moigne de la volont\u00e9 du Groupe de renforcer, ann\u00e9e apr\u00e8s ann\u00e9e, la transparence et la fiabilit\u00e9 de ses donn\u00e9es ESG.\",\"breadcrumb\":{\"@id\":\"https:\\\/\\\/www.arteliagroup.com\\\/fr\\\/artelia-publie-son-rapport-de-durabilite-2025\\\/#breadcrumb\"},\"inLanguage\":\"fr-FR\",\"potentialAction\":[{\"@type\":\"ReadAction\",\"target\":[\"https:\\\/\\\/www.arteliagroup.com\\\/fr\\\/artelia-publie-son-rapport-de-durabilite-2025\\\/\"]}]},{\"@type\":\"ImageObject\",\"inLanguage\":\"fr-FR\",\"@id\":\"https:\\\/\\\/www.arteliagroup.com\\\/fr\\\/artelia-publie-son-rapport-de-durabilite-2025\\\/#primaryimage\",\"url\":\"https:\\\/\\\/www.arteliagroup.com\\\/wp-content\\\/uploads\\\/2026\\\/09\\\/mokcup-Rapport-de-durabilite-EN-FR-1.jpg\",\"contentUrl\":\"https:\\\/\\\/www.arteliagroup.com\\\/wp-content\\\/uploads\\\/2026\\\/09\\\/mokcup-Rapport-de-durabilite-EN-FR-1.jpg\",\"width\":5881,\"height\":2480,\"caption\":\"mokcup - Rapport de durabilit\u00e9 EN + FR\"},{\"@type\":\"BreadcrumbList\",\"@id\":\"https:\\\/\\\/www.arteliagroup.com\\\/fr\\\/artelia-publie-son-rapport-de-durabilite-2025\\\/#breadcrumb\",\"itemListElement\":[{\"@type\":\"ListItem\",\"position\":1,\"name\":\"Home\",\"item\":\"https:\\\/\\\/www.arteliagroup.com\\\/fr\\\/\"},{\"@type\":\"ListItem\",\"position\":2,\"name\":\"Artelia publie son Rapport de durabilit\u00e9 2025\"}]},{\"@type\":\"WebSite\",\"@id\":\"https:\\\/\\\/www.arteliagroup.com\\\/#website\",\"url\":\"https:\\\/\\\/www.arteliagroup.com\\\/\",\"name\":\"Artelia Group\",\"description\":\"\",\"publisher\":{\"@id\":\"https:\\\/\\\/www.arteliagroup.com\\\/#organization\"},\"potentialAction\":[{\"@type\":\"SearchAction\",\"target\":{\"@type\":\"EntryPoint\",\"urlTemplate\":\"https:\\\/\\\/www.arteliagroup.com\\\/?s={search_term_string}\"},\"query-input\":{\"@type\":\"PropertyValueSpecification\",\"valueRequired\":true,\"valueName\":\"search_term_string\"}}],\"inLanguage\":\"fr-FR\"},{\"@type\":\"Organization\",\"@id\":\"https:\\\/\\\/www.arteliagroup.com\\\/#organization\",\"name\":\"Artelia Group\",\"url\":\"https:\\\/\\\/www.arteliagroup.com\\\/\",\"logo\":{\"@type\":\"ImageObject\",\"inLanguage\":\"fr-FR\",\"@id\":\"https:\\\/\\\/www.arteliagroup.com\\\/#\\\/schema\\\/logo\\\/image\\\/\",\"url\":\"https:\\\/\\\/www.arteliagroup.com\\\/wp-content\\\/uploads\\\/2023\\\/04\\\/logo_ARTELIA_Couleur.png\",\"contentUrl\":\"https:\\\/\\\/www.arteliagroup.com\\\/wp-content\\\/uploads\\\/2023\\\/04\\\/logo_ARTELIA_Couleur.png\",\"width\":303,\"height\":100,\"caption\":\"Artelia Group\"},\"image\":{\"@id\":\"https:\\\/\\\/www.arteliagroup.com\\\/#\\\/schema\\\/logo\\\/image\\\/\"}},{\"@type\":\"Person\",\"@id\":\"https:\\\/\\\/www.arteliagroup.com\\\/#\\\/schema\\\/person\\\/28b0dd40772b3fef951e47f4d6625857\",\"name\":\"Thomas Rivi\u00e8re\",\"image\":{\"@type\":\"ImageObject\",\"inLanguage\":\"fr-FR\",\"@id\":\"https:\\\/\\\/secure.gravatar.com\\\/avatar\\\/a76a84d2d7f3c57acb25c795d4cd7af2175ae05534c7281e0b43267eb5711b69?s=96&d=mm&r=g\",\"url\":\"https:\\\/\\\/secure.gravatar.com\\\/avatar\\\/a76a84d2d7f3c57acb25c795d4cd7af2175ae05534c7281e0b43267eb5711b69?s=96&d=mm&r=g\",\"contentUrl\":\"https:\\\/\\\/secure.gravatar.com\\\/avatar\\\/a76a84d2d7f3c57acb25c795d4cd7af2175ae05534c7281e0b43267eb5711b69?s=96&d=mm&r=g\",\"caption\":\"Thomas Rivi\u00e8re\"}}]}<\/script>\n<!-- \/ Yoast SEO plugin. -->","yoast_head_json":{"title":"Artelia publie son Rapport de durabilit\u00e9 2025 - Artelia Group","description":"Ce rapport refl\u00e8te notre engagement continu en mati\u00e8re de responsabilit\u00e9 environnementale, sociale et de gouvernance, et t\u00e9moigne de la volont\u00e9 du Groupe de renforcer, ann\u00e9e apr\u00e8s ann\u00e9e, la transparence et la fiabilit\u00e9 de ses donn\u00e9es ESG.","robots":{"index":"index","follow":"follow","max-snippet":"max-snippet:-1","max-image-preview":"max-image-preview:large","max-video-preview":"max-video-preview:-1"},"canonical":"https:\/\/www.arteliagroup.com\/fr\/artelia-publie-son-rapport-de-durabilite-2025\/","og_locale":"fr_FR","og_type":"article","og_title":"Artelia publie son Rapport de durabilit\u00e9 2025","og_description":"Ce rapport refl\u00e8te notre engagement continu en mati\u00e8re de responsabilit\u00e9 environnementale, sociale et de gouvernance, et t\u00e9moigne de la volont\u00e9 du Groupe de renforcer, ann\u00e9e apr\u00e8s ann\u00e9e, la transparence et la fiabilit\u00e9 de ses donn\u00e9es ESG.","og_url":"https:\/\/www.arteliagroup.com\/fr\/artelia-publie-son-rapport-de-durabilite-2025\/","og_site_name":"Artelia Group","article_published_time":"2026-09-02T15:23:25+00:00","article_modified_time":"2026-09-02T15:36:48+00:00","og_image":[{"width":1024,"height":432,"url":"https:\/\/www.arteliagroup.com\/wp-content\/uploads\/2026\/09\/mokcup-Rapport-de-durabilite-EN-FR-1-1024x432.jpg","type":"image\/jpeg"}],"author":"Thomas Rivi\u00e8re","twitter_card":"summary_large_image","twitter_title":"Artelia publie son Rapport de durabilit\u00e9 2025","twitter_description":"Ce rapport refl\u00e8te notre engagement continu en mati\u00e8re de responsabilit\u00e9 environnementale, sociale et de gouvernance, et t\u00e9moigne de la volont\u00e9 du Groupe de renforcer, ann\u00e9e apr\u00e8s ann\u00e9e, la transparence et la fiabilit\u00e9 de ses donn\u00e9es ESG.","twitter_image":"https:\/\/www.arteliagroup.com\/wp-content\/uploads\/2026\/09\/mokcup-Rapport-de-durabilite-EN-FR-1.jpg","twitter_misc":{"\u00c9crit par":"Thomas Rivi\u00e8re","Dur\u00e9e de lecture estim\u00e9e":"2 minutes"},"schema":{"@context":"https:\/\/schema.org","@graph":[{"@type":"Article","@id":"https:\/\/www.arteliagroup.com\/fr\/artelia-publie-son-rapport-de-durabilite-2025\/#article","isPartOf":{"@id":"https:\/\/www.arteliagroup.com\/fr\/artelia-publie-son-rapport-de-durabilite-2025\/"},"author":{"name":"Thomas Rivi\u00e8re","@id":"https:\/\/www.arteliagroup.com\/#\/schema\/person\/28b0dd40772b3fef951e47f4d6625857"},"headline":"Artelia publie son Rapport de durabilit\u00e9 2025","datePublished":"2026-09-02T15:23:25+00:00","dateModified":"2026-09-02T15:36:48+00:00","mainEntityOfPage":{"@id":"https:\/\/www.arteliagroup.com\/fr\/artelia-publie-son-rapport-de-durabilite-2025\/"},"wordCount":401,"publisher":{"@id":"https:\/\/www.arteliagroup.com\/#organization"},"image":{"@id":"https:\/\/www.arteliagroup.com\/fr\/artelia-publie-son-rapport-de-durabilite-2025\/#primaryimage"},"thumbnailUrl":"https:\/\/www.arteliagroup.com\/wp-content\/uploads\/2026\/09\/mokcup-Rapport-de-durabilite-EN-FR-1.jpg","articleSection":["Communication","Communication","Ev\u00e9nement","Event"],"inLanguage":"fr-FR"},{"@type":"WebPage","@id":"https:\/\/www.arteliagroup.com\/fr\/artelia-publie-son-rapport-de-durabilite-2025\/","url":"https:\/\/www.arteliagroup.com\/fr\/artelia-publie-son-rapport-de-durabilite-2025\/","name":"Artelia publie son Rapport de durabilit\u00e9 2025 - Artelia Group","isPartOf":{"@id":"https:\/\/www.arteliagroup.com\/#website"},"primaryImageOfPage":{"@id":"https:\/\/www.arteliagroup.com\/fr\/artelia-publie-son-rapport-de-durabilite-2025\/#primaryimage"},"image":{"@id":"https:\/\/www.arteliagroup.com\/fr\/artelia-publie-son-rapport-de-durabilite-2025\/#primaryimage"},"thumbnailUrl":"https:\/\/www.arteliagroup.com\/wp-content\/uploads\/2026\/09\/mokcup-Rapport-de-durabilite-EN-FR-1.jpg","datePublished":"2026-09-02T15:23:25+00:00","dateModified":"2026-09-02T15:36:48+00:00","description":"Ce rapport refl\u00e8te notre engagement continu en mati\u00e8re de responsabilit\u00e9 environnementale, sociale et de gouvernance, et t\u00e9moigne de la volont\u00e9 du Groupe de renforcer, ann\u00e9e apr\u00e8s ann\u00e9e, la transparence et la fiabilit\u00e9 de ses donn\u00e9es ESG.","breadcrumb":{"@id":"https:\/\/www.arteliagroup.com\/fr\/artelia-publie-son-rapport-de-durabilite-2025\/#breadcrumb"},"inLanguage":"fr-FR","potentialAction":[{"@type":"ReadAction","target":["https:\/\/www.arteliagroup.com\/fr\/artelia-publie-son-rapport-de-durabilite-2025\/"]}]},{"@type":"ImageObject","inLanguage":"fr-FR","@id":"https:\/\/www.arteliagroup.com\/fr\/artelia-publie-son-rapport-de-durabilite-2025\/#primaryimage","url":"https:\/\/www.arteliagroup.com\/wp-content\/uploads\/2026\/09\/mokcup-Rapport-de-durabilite-EN-FR-1.jpg","contentUrl":"https:\/\/www.arteliagroup.com\/wp-content\/uploads\/2026\/09\/mokcup-Rapport-de-durabilite-EN-FR-1.jpg","width":5881,"height":2480,"caption":"mokcup - Rapport de durabilit\u00e9 EN + FR"},{"@type":"BreadcrumbList","@id":"https:\/\/www.arteliagroup.com\/fr\/artelia-publie-son-rapport-de-durabilite-2025\/#breadcrumb","itemListElement":[{"@type":"ListItem","position":1,"name":"Home","item":"https:\/\/www.arteliagroup.com\/fr\/"},{"@type":"ListItem","position":2,"name":"Artelia publie son Rapport de durabilit\u00e9 2025"}]},{"@type":"WebSite","@id":"https:\/\/www.arteliagroup.com\/#website","url":"https:\/\/www.arteliagroup.com\/","name":"Artelia Group","description":"","publisher":{"@id":"https:\/\/www.arteliagroup.com\/#organization"},"potentialAction":[{"@type":"SearchAction","target":{"@type":"EntryPoint","urlTemplate":"https:\/\/www.arteliagroup.com\/?s={search_term_string}"},"query-input":{"@type":"PropertyValueSpecification","valueRequired":true,"valueName":"search_term_string"}}],"inLanguage":"fr-FR"},{"@type":"Organization","@id":"https:\/\/www.arteliagroup.com\/#organization","name":"Artelia Group","url":"https:\/\/www.arteliagroup.com\/","logo":{"@type":"ImageObject","inLanguage":"fr-FR","@id":"https:\/\/www.arteliagroup.com\/#\/schema\/logo\/image\/","url":"https:\/\/www.arteliagroup.com\/wp-content\/uploads\/2023\/04\/logo_ARTELIA_Couleur.png","contentUrl":"https:\/\/www.arteliagroup.com\/wp-content\/uploads\/2023\/04\/logo_ARTELIA_Couleur.png","width":303,"height":100,"caption":"Artelia Group"},"image":{"@id":"https:\/\/www.arteliagroup.com\/#\/schema\/logo\/image\/"}},{"@type":"Person","@id":"https:\/\/www.arteliagroup.com\/#\/schema\/person\/28b0dd40772b3fef951e47f4d6625857","name":"Thomas Rivi\u00e8re","image":{"@type":"ImageObject","inLanguage":"fr-FR","@id":"https:\/\/secure.gravatar.com\/avatar\/a76a84d2d7f3c57acb25c795d4cd7af2175ae05534c7281e0b43267eb5711b69?s=96&d=mm&r=g","url":"https:\/\/secure.gravatar.com\/avatar\/a76a84d2d7f3c57acb25c795d4cd7af2175ae05534c7281e0b43267eb5711b69?s=96&d=mm&r=g","contentUrl":"https:\/\/secure.gravatar.com\/avatar\/a76a84d2d7f3c57acb25c795d4cd7af2175ae05534c7281e0b43267eb5711b69?s=96&d=mm&r=g","caption":"Thomas Rivi\u00e8re"}}]}},"_links":{"self":[{"href":"https:\/\/www.arteliagroup.com\/fr\/wp-json\/wp\/v2\/posts\/26632","targetHints":{"allow":["GET"]}}],"collection":[{"href":"https:\/\/www.arteliagroup.com\/fr\/wp-json\/wp\/v2\/posts"}],"about":[{"href":"https:\/\/www.arteliagroup.com\/fr\/wp-json\/wp\/v2\/types\/post"}],"author":[{"embeddable":true,"href":"https:\/\/www.arteliagroup.com\/fr\/wp-json\/wp\/v2\/users\/7"}],"replies":[{"embeddable":true,"href":"https:\/\/www.arteliagroup.com\/fr\/wp-json\/wp\/v2\/comments?post=26632"}],"version-history":[{"count":13,"href":"https:\/\/www.arteliagroup.com\/fr\/wp-json\/wp\/v2\/posts\/26632\/revisions"}],"predecessor-version":[{"id":26654,"href":"https:\/\/www.arteliagroup.com\/fr\/wp-json\/wp\/v2\/posts\/26632\/revisions\/26654"}],"wp:featuredmedia":[{"embeddable":true,"href":"https:\/\/www.arteliagroup.com\/fr\/wp-json\/wp\/v2\/media\/26629"}],"wp:attachment":[{"href":"https:\/\/www.arteliagroup.com\/fr\/wp-json\/wp\/v2\/media?parent=26632"}],"wp:term":[{"taxonomy":"category","embeddable":true,"href":"https:\/\/www.arteliagroup.com\/fr\/wp-json\/wp\/v2\/categories?post=26632"},{"taxonomy":"post_tag","embeddable":true,"href":"https:\/\/www.arteliagroup.com\/fr\/wp-json\/wp\/v2\/tags?post=26632"}],"curies":[{"name":"wp","href":"https:\/\/api.w.org\/{rel}","templated":true}]}}